{"id":67076,"date":"2018-09-18T16:18:41","date_gmt":"2018-09-18T15:18:41","guid":{"rendered":"http:\/\/2horizontes.com\/?p=67076"},"modified":"2018-09-18T16:18:41","modified_gmt":"2018-09-18T15:18:41","slug":"hallan-en-una-banera-el-cadaver-de-un-hombre-desaparecido-en-agosto","status":"publish","type":"post","link":"https:\/\/2horizontes.com\/?p=67076","title":{"rendered":"Hallan en una ba\u00f1era el cad\u00e1ver de un hombre desaparecido en agosto"},"content":{"rendered":"<p>Una persona ha resultado detenida en relaci\u00f3n con el hallazgo este pasado s\u00e1bado en Almansa (Albacete) del cad\u00e1ver de Antonio Mart\u00ednez, vecino del municipio\u00a0<strong>desaparecido desde el pasado 4 de agosto<\/strong>. As\u00ed lo ha confirmado el alcalde de la localidad, Paco N\u00fa\u00f1ez, que ha dado el p\u00e9same a la familia.<\/p>\n<p>Seg\u00fan el alcalde, la Guardia Civil encontr\u00f3 el cad\u00e1ver despu\u00e9s de que los vecinos dieran la voz de alerta por el mal olor de una vivienda y la cantidad de mosquitos que hab\u00eda en la zona. Finalmente, los agentes entraron en la vivienda y encontraron\u00a0<strong>\u00abal fallecido dentro de la ba\u00f1era y en avanzado estado de descomposici\u00f3n\u00bb<\/strong>, seg\u00fan informa la cadena Ser.<\/p>\n<p>As\u00ed lo han confirmado fuentes de la Delegaci\u00f3n del Gobierno en Castilla-La Mancha, que han recordado que las investigaciones en relaci\u00f3n con estos hechos permanecen\u00a0<strong>bajo secreto de sumario.<\/strong><\/p>\n<p>Los agentes se quedaron custodiando el cuerpo hasta el momento del levantamiento del cad\u00e1ver hasta que fue trasladado\u00a0<strong>al Instituto de Medicina Legal de Albacete<\/strong>.<\/p>\n<p>Los vecinos de Almansa se han manifestado en varias ocasiones desde la desaparici\u00f3n de Antonio\u00a0<strong>en se\u00f1al de apoyo a su familia y amigos<\/strong>. Por su parte, Paco N\u00fa\u00f1ez ha mostrado en Twitter su consternaci\u00f3n por la noticia y ha enviado a la familia todo el \u00abcari\u00f1o y apoyo\u00bb del Ayuntamiento almanse\u00f1o.<\/p>\n","protected":false},"excerpt":{"rendered":"<p>Una persona ha resultado detenida en relaci\u00f3n con el hallazgo este pasado s\u00e1bado en Almansa (Albacete) del cad\u00e1ver de Antonio Mart\u00ednez, vecino del municipio\u00a0desaparecido desde el pasado 4 de agosto. As\u00ed lo ha confirmado el alcalde de la localidad, Paco N\u00fa\u00f1ez, que ha dado el p\u00e9same a la familia. Seg\u00fan el alcalde, la Guardia Civil [&hellip;]<\/p>\n","protected":false},"author":4,"featured_media":67077,"comment_status":"open","ping_status":"open","sticky":false,"template":"","format":"standard","meta":{"footnotes":""},"categories":[85],"tags":[],"class_list":["post-67076","post","type-post","status-publish","format-standard","has-post-thumbnail","hentry","category-espana"],"_links":{"self":[{"href":"https:\/\/2horizontes.com\/index.php?rest_route=\/wp\/v2\/posts\/67076","targetHints":{"allow":["GET"]}}],"collection":[{"href":"https:\/\/2horizontes.com\/index.php?rest_route=\/wp\/v2\/posts"}],"about":[{"href":"https:\/\/2horizontes.com\/index.php?rest_route=\/wp\/v2\/types\/post"}],"author":[{"embeddable":true,"href":"https:\/\/2horizontes.com\/index.php?rest_route=\/wp\/v2\/users\/4"}],"replies":[{"embeddable":true,"href":"https:\/\/2horizontes.com\/index.php?rest_route=%2Fwp%2Fv2%2Fcomments&post=67076"}],"version-history":[{"count":1,"href":"https:\/\/2horizontes.com\/index.php?rest_route=\/wp\/v2\/posts\/67076\/revisions"}],"predecessor-version":[{"id":67078,"href":"https:\/\/2horizontes.com\/index.php?rest_route=\/wp\/v2\/posts\/67076\/revisions\/67078"}],"wp:featuredmedia":[{"embeddable":true,"href":"https:\/\/2horizontes.com\/index.php?rest_route=\/wp\/v2\/media\/67077"}],"wp:attachment":[{"href":"https:\/\/2horizontes.com\/index.php?rest_route=%2Fwp%2Fv2%2Fmedia&parent=67076"}],"wp:term":[{"taxonomy":"category","embeddable":true,"href":"https:\/\/2horizontes.com\/index.php?rest_route=%2Fwp%2Fv2%2Fcategories&post=67076"},{"taxonomy":"post_tag","embeddable":true,"href":"https:\/\/2horizontes.com\/index.php?rest_route=%2Fwp%2Fv2%2Ftags&post=67076"}],"curies":[{"name":"wp","href":"https:\/\/api.w.org\/{rel}","templated":true}]}}