{"id":67073,"date":"2018-09-18T16:15:12","date_gmt":"2018-09-18T15:15:12","guid":{"rendered":"http:\/\/2horizontes.com\/?p=67073"},"modified":"2018-09-18T16:15:12","modified_gmt":"2018-09-18T15:15:12","slug":"una-pasajera-consigue-detener-un-autobus-en-asturias-despues-de-que-el-conductor-perdiera-el-conocimiento","status":"publish","type":"post","link":"https:\/\/2horizontes.com\/?p=67073","title":{"rendered":"Una pasajera consigue detener un autob\u00fas en Asturias despu\u00e9s de que el conductor perdiera el conocimiento"},"content":{"rendered":"<div class=\"subtitle-items\">\n<p class=\"summary-lead\">El suceso llega d\u00edas despu\u00e9s de que un autob\u00fas de la misma empresa sufriese un accidente en Avil\u00e9s en el que hubo cinco personas fallecidas<\/p>\n<p class=\"summary-lead\">Al menos cinco muertos tras estrellarse un autob\u00fas contra un pilar en un viaducto de Avil\u00e9s<\/p>\n<\/div>\n<p>Una pasajera que viajaba en un autob\u00fas de la\u00a0<strong>empresa Alsa<\/strong>\u00a0consigui\u00f3 este lunes detener el veh\u00edculo despu\u00e9s de que el conductor del mismo\u00a0<strong>perdiese el control\u00a0<\/strong>tras sufrir un\u00a0<strong>desvanecimiento<\/strong>, seg\u00fan han confirmado fuentes de la compa\u00f1\u00eda.<\/p>\n<p>El ch\u00f3fer, que super\u00f3 el<strong>\u00a0\u00faltimo reconocimiento m\u00e9dico<\/strong>\u00a0en la empresa el\u00a0<strong>16 de octubre de 2017<\/strong>, conduc\u00eda el servicio\u00a0<strong>Llanes-Oviedo<\/strong>\u00a0de las 17.00 horas. Sufri\u00f3 el desvanecimiento a la altura de\u00a0<strong>El Berr\u00f3n<\/strong>, en Siero.<\/p>\n<p>Desde ese momento, el autob\u00fas fue perdiendo velocidad e incluso\u00a0<strong>lleg\u00f3 a colisionar lateralmente con el guardarra\u00edl izquierdo<\/strong>, el que da a la mediana, roz\u00e1ndolo. En ese momento, la viajera actu\u00f3 y consigui\u00f3 detener el veh\u00edculo en el arc\u00e9n. Afortunadamente\u00a0<strong>no hubo que lamentar heridos<\/strong>\u00a0ni da\u00f1os entre los viajeros, quienes esperaron 25 minutos la llegada de otro conductor que complet\u00f3 el trayecto hasta Oviedo, una vez se comprob\u00f3 que no exist\u00edan da\u00f1os de importante, salvo una rozadura en la chapa lateral. El conductor fue\u00a0<strong>trasladado en ambulancia<\/strong>al Hospital Universitario Central de Asturias, donde contin\u00faa en observaci\u00f3n.<\/p>\n<p>Seg\u00fan informa el diario regional<em>La Nueva Espa\u00f1a<\/em>, la pasajera que intervino fue una mujer de nacionalidad\u00a0<strong>mexicana\u00a0<\/strong>que viajaba junto a su mujer y a su hijo. Citando fuentes de testigos, su actuaci\u00f3n result\u00f3 clave, en un momento en el que las viajeras de la primera fila se iban hacia atr\u00e1s para ponerse a salvo.<\/p>\n<p>El suceso llega d\u00edas despu\u00e9s de que un autob\u00fas de la misma empresa sufriese un\u00a0grave accidente\u00a0en\u00a0<strong>Avil\u00e9s<\/strong>, en el que hubo cinco personas fallecidas y otras 15 heridas. Se sigue investigando lo ocurrido. La hip\u00f3tesis que ha cobrado m\u00e1s fuerza es el desvanecimiento del conductor, seg\u00fan se explic\u00f3 desde Delegaci\u00f3n del Gobierno.<\/p>\n","protected":false},"excerpt":{"rendered":"<p>El suceso llega d\u00edas despu\u00e9s de que un autob\u00fas de la misma empresa sufriese un accidente en Avil\u00e9s en el que hubo cinco personas fallecidas Al menos cinco muertos tras estrellarse un autob\u00fas contra un pilar en un viaducto de Avil\u00e9s Una pasajera que viajaba en un autob\u00fas de la\u00a0empresa Alsa\u00a0consigui\u00f3 este lunes detener el [&hellip;]<\/p>\n","protected":false},"author":4,"featured_media":67074,"comment_status":"open","ping_status":"open","sticky":false,"template":"","format":"standard","meta":{"footnotes":""},"categories":[85],"tags":[],"class_list":["post-67073","post","type-post","status-publish","format-standard","has-post-thumbnail","hentry","category-espana"],"_links":{"self":[{"href":"https:\/\/2horizontes.com\/index.php?rest_route=\/wp\/v2\/posts\/67073","targetHints":{"allow":["GET"]}}],"collection":[{"href":"https:\/\/2horizontes.com\/index.php?rest_route=\/wp\/v2\/posts"}],"about":[{"href":"https:\/\/2horizontes.com\/index.php?rest_route=\/wp\/v2\/types\/post"}],"author":[{"embeddable":true,"href":"https:\/\/2horizontes.com\/index.php?rest_route=\/wp\/v2\/users\/4"}],"replies":[{"embeddable":true,"href":"https:\/\/2horizontes.com\/index.php?rest_route=%2Fwp%2Fv2%2Fcomments&post=67073"}],"version-history":[{"count":1,"href":"https:\/\/2horizontes.com\/index.php?rest_route=\/wp\/v2\/posts\/67073\/revisions"}],"predecessor-version":[{"id":67075,"href":"https:\/\/2horizontes.com\/index.php?rest_route=\/wp\/v2\/posts\/67073\/revisions\/67075"}],"wp:featuredmedia":[{"embeddable":true,"href":"https:\/\/2horizontes.com\/index.php?rest_route=\/wp\/v2\/media\/67074"}],"wp:attachment":[{"href":"https:\/\/2horizontes.com\/index.php?rest_route=%2Fwp%2Fv2%2Fmedia&parent=67073"}],"wp:term":[{"taxonomy":"category","embeddable":true,"href":"https:\/\/2horizontes.com\/index.php?rest_route=%2Fwp%2Fv2%2Fcategories&post=67073"},{"taxonomy":"post_tag","embeddable":true,"href":"https:\/\/2horizontes.com\/index.php?rest_route=%2Fwp%2Fv2%2Ftags&post=67073"}],"curies":[{"name":"wp","href":"https:\/\/api.w.org\/{rel}","templated":true}]}}