{"id":6702,"date":"2015-05-12T08:25:49","date_gmt":"2015-05-12T07:25:49","guid":{"rendered":"http:\/\/2horizontes.com\/?p=6702"},"modified":"2015-05-12T08:25:49","modified_gmt":"2015-05-12T07:25:49","slug":"el-papa-francisco-visitara-cuba-en-septiembre","status":"publish","type":"post","link":"https:\/\/2horizontes.com\/?p=6702","title":{"rendered":"El papa Francisco visitar\u00e1 Cuba en septiembre"},"content":{"rendered":"<div id=\"ArticleAuthorDiv\" class=\"article-body-author\"><b>EFE<\/b><\/div>\n<div id=\"ArticleSourceDiv\" class=\"article-body-author\"><b>La Habana<\/b><\/div>\n<div id=\"ArticleBody\">\n<p>La visita del papa Francisco a Cuba tendr\u00e1 lugar entre el 19 y el 22 de septiembre, como parte de una gira que le llevar\u00e1 a continuaci\u00f3n a Estados Unidos, inform\u00f3 la Conferencia de Obispos Cat\u00f3licos de Cuba (COCC).<\/p>\n<p>En su recorrido, el Pont\u00edfice visitar\u00e1 las ciudades La Habana, Holgu\u00edn y Santiago de Cuba, en el oriente del pa\u00eds, un viaje considerado hist\u00f3rico ya que actu\u00f3 de mediador en el proceso de deshielo de las relaciones cubano-estadounidenses.<\/p>\n<p>\u00abLa Conferencia de Obispos Cat\u00f3licos de Cuba se complace en comunicar que el Santo Padre estar\u00e1 en Cuba desde el s\u00e1bado 19 al martes 22 de septiembre del presente a\u00f1o\u00bb, indic\u00f3 la COCC en un comunicado publicado en su p\u00e1gina web.<\/p>\n<p>Las fechas de la visita se han dado a conocer un d\u00eda despu\u00e9s de que el presidente Ra\u00fal Castro se reuniera en el Vaticano con el Papa, para preparar su viaje y agradecerle personalmente su implicaci\u00f3n en el proceso de restauraci\u00f3n de las relaciones diplom\u00e1ticas entre Cuba y EE.UU., que se anunci\u00f3 el 17 de diciembre.<\/p>\n<p>El pont\u00edfice iniciar\u00e1 su visita en La Habana y visitar\u00e1 luego \u00abla ciudad de Holgu\u00edn, el Santuario del Cobre y la ciudad de Santiago de Cuba\u00bb, desde donde viajar\u00e1 a Estados Unidos.<\/p>\n<p>En el Santuario del Cobre, unos 20 kil\u00f3metros al oeste de Santiago de Cuba, se venera la Virgen de la Caridad del Cobre, patrona de Cuba.<\/p>\n<p>El Vaticano confirm\u00f3 el 17 de abril la visita de Francisco a la isla en septiembre, antes del viaje que ya ten\u00eda programado a Estados Unidos, aunque no se conoc\u00edan las fechas exactas.<\/p>\n<p>Se trata de la tercera visita papal que recibe Cuba en 17 a\u00f1os, ya que Juan Pablo II viaj\u00f3 a la isla en enero de 1998 y Benedicto XVI en marzo de 2012.<\/p>\n<\/div>\n","protected":false},"excerpt":{"rendered":"<p>EFE La Habana La visita del papa Francisco a Cuba tendr\u00e1 lugar entre el 19 y el 22 de septiembre, como parte de una gira que le llevar\u00e1 a continuaci\u00f3n a Estados Unidos, inform\u00f3 la Conferencia de Obispos Cat\u00f3licos de Cuba (COCC). En su recorrido, el Pont\u00edfice visitar\u00e1 las ciudades La Habana, Holgu\u00edn y Santiago [&hellip;]<\/p>\n","protected":false},"author":7,"featured_media":6703,"comment_status":"open","ping_status":"open","sticky":false,"template":"","format":"standard","meta":{"footnotes":""},"categories":[49,40],"tags":[],"class_list":["post-6702","post","type-post","status-publish","format-standard","has-post-thumbnail","hentry","category-cuba","category-internacionales"],"_links":{"self":[{"href":"https:\/\/2horizontes.com\/index.php?rest_route=\/wp\/v2\/posts\/6702","targetHints":{"allow":["GET"]}}],"collection":[{"href":"https:\/\/2horizontes.com\/index.php?rest_route=\/wp\/v2\/posts"}],"about":[{"href":"https:\/\/2horizontes.com\/index.php?rest_route=\/wp\/v2\/types\/post"}],"author":[{"embeddable":true,"href":"https:\/\/2horizontes.com\/index.php?rest_route=\/wp\/v2\/users\/7"}],"replies":[{"embeddable":true,"href":"https:\/\/2horizontes.com\/index.php?rest_route=%2Fwp%2Fv2%2Fcomments&post=6702"}],"version-history":[{"count":1,"href":"https:\/\/2horizontes.com\/index.php?rest_route=\/wp\/v2\/posts\/6702\/revisions"}],"predecessor-version":[{"id":6704,"href":"https:\/\/2horizontes.com\/index.php?rest_route=\/wp\/v2\/posts\/6702\/revisions\/6704"}],"wp:featuredmedia":[{"embeddable":true,"href":"https:\/\/2horizontes.com\/index.php?rest_route=\/wp\/v2\/media\/6703"}],"wp:attachment":[{"href":"https:\/\/2horizontes.com\/index.php?rest_route=%2Fwp%2Fv2%2Fmedia&parent=6702"}],"wp:term":[{"taxonomy":"category","embeddable":true,"href":"https:\/\/2horizontes.com\/index.php?rest_route=%2Fwp%2Fv2%2Fcategories&post=6702"},{"taxonomy":"post_tag","embeddable":true,"href":"https:\/\/2horizontes.com\/index.php?rest_route=%2Fwp%2Fv2%2Ftags&post=6702"}],"curies":[{"name":"wp","href":"https:\/\/api.w.org\/{rel}","templated":true}]}}