{"id":67016,"date":"2018-09-14T17:14:41","date_gmt":"2018-09-14T16:14:41","guid":{"rendered":"http:\/\/2horizontes.com\/?p=67016"},"modified":"2018-09-14T17:14:41","modified_gmt":"2018-09-14T16:14:41","slug":"cineasta-dominicano-humberto-vallejo-participa-en-festival-de-cine-en-dinamarca","status":"publish","type":"post","link":"https:\/\/2horizontes.com\/?p=67016","title":{"rendered":"Cineasta dominicano Humberto Vallejo participa en festival de cine en Dinamarca"},"content":{"rendered":"<p><strong>Dinamarca. &#8211;<\/strong>\u00a0\u00a0El\u00a0\u00a0cortometraje Chanel, del director de cine dominicano Humberto Vallejo, particip\u00f3\u00a0 recientemente\u00a0en el Festival Internacional de cine de Odense (OFF), el m\u00e1s antiguo del pa\u00eds n\u00f3rdico, cuya responsabilidad de ejecuci\u00f3n recae en ese municipio del pa\u00eds dan\u00e9s, y es considerado uno de los m\u00e1s importantes a nivel mundial en el \u00e1mbito de los cortometrajes.<\/p>\n<p>&nbsp;<\/p>\n<p>Vallejo estudi\u00f3 Comunicaci\u00f3n Audiovisual en la Universidad de Navarra, Espa\u00f1a, donde finaliz\u00f3 su primer cortometraje \u201cMi memoria esta\u0301 llena de gatos\u201d. En 2016 imparte cursos de direcci\u00f3n cinematogr\u00e1fica en la famosa Escuela de Disen\u0303o Altos de Chavo\u0301n, en la Repu\u0301blica Dominicana. Actualmente es director y editor de publicidad, a la vez que desarrolla nuevos proyectos cinematogr\u00e1ficos.<\/p>\n<p>&nbsp;<\/p>\n<p>En 2017 termina su segundo cortometraje: \u201cChanel\u201d, el cual ha sido reconocido a nivel internacional, logrando llevar el cine dominicano a festivales y eventos de gran trascendencia internacional, a la vez que muestra la capacidad y el talento de los cineastas dominicanos.<\/p>\n<p>Entre los festivales en los que ha participado Chanel destacan el 48th\u00a0Tampere International Film Festival de Finlandia, en el 33\u00ba Festival Internacional de Cine de Guadalajara en M\u00e9xico y\u00a0en el 26\u00ba Rio de Janeiro International Short Film Festival en Brasil,<\/p>\n<p>Asimismo, particip\u00f3 en el 11th Kustendorf International Film &amp; Music Festival en Serbia, en el\u00a034rd Chicago Latino Film Festival en Estados Unidos, en el 14th FEST New Directors New Films Festival en Portugal. Adem\u00e1s, en el 29th Sao Paulo International Short Film Festival en Brasil, en el 7th Dominican Film Festival en Nueva York, EEUU,\u00a0y en el\u00a011th Lviv International Short Film Festival en Ucrania<\/p>\n<p>&nbsp;<\/p>\n<p>La embajadora de la Rep\u00fablica Dominicana ante el Reino de Suecia Laura Faxas transmiti\u00f3 sus felicitaciones a Vallejo por\u00a0la excelente direcci\u00f3n de Chanel, que la ha hecho merecedora de un recorrido tan importante por diferentes escenarios cinematogr\u00e1ficos del mundo.\u00a0\u00a0En representaci\u00f3n de la embajada asisti\u00f3 Larissa Garc\u00eda de Bochenick, c\u00f3nsul honoraria de la Rep\u00fablica Dominicana en Suecia.<\/p>\n<p>El se\u00f1or Vallejo viaj\u00f3 a Dinamarca gracias al apoyo recibido de la embajada y de la Direcci\u00f3n General de Cine de la Rep\u00fablica Dominicana.<\/p>\n<p>&nbsp;<\/p>\n","protected":false},"excerpt":{"rendered":"<p>Dinamarca. &#8211;\u00a0\u00a0El\u00a0\u00a0cortometraje Chanel, del director de cine dominicano Humberto Vallejo, particip\u00f3\u00a0 recientemente\u00a0en el Festival Internacional de cine de Odense (OFF), el m\u00e1s antiguo del pa\u00eds n\u00f3rdico, cuya responsabilidad de ejecuci\u00f3n recae en ese municipio del pa\u00eds dan\u00e9s, y es considerado uno de los m\u00e1s importantes a nivel mundial en el \u00e1mbito de los cortometrajes. &nbsp; [&hellip;]<\/p>\n","protected":false},"author":4,"featured_media":67017,"comment_status":"open","ping_status":"open","sticky":false,"template":"","format":"standard","meta":{"footnotes":""},"categories":[62,1,86],"tags":[],"class_list":["post-67016","post","type-post","status-publish","format-standard","has-post-thumbnail","hentry","category-cultura","category-entretenimiento","category-europa"],"_links":{"self":[{"href":"https:\/\/2horizontes.com\/index.php?rest_route=\/wp\/v2\/posts\/67016","targetHints":{"allow":["GET"]}}],"collection":[{"href":"https:\/\/2horizontes.com\/index.php?rest_route=\/wp\/v2\/posts"}],"about":[{"href":"https:\/\/2horizontes.com\/index.php?rest_route=\/wp\/v2\/types\/post"}],"author":[{"embeddable":true,"href":"https:\/\/2horizontes.com\/index.php?rest_route=\/wp\/v2\/users\/4"}],"replies":[{"embeddable":true,"href":"https:\/\/2horizontes.com\/index.php?rest_route=%2Fwp%2Fv2%2Fcomments&post=67016"}],"version-history":[{"count":1,"href":"https:\/\/2horizontes.com\/index.php?rest_route=\/wp\/v2\/posts\/67016\/revisions"}],"predecessor-version":[{"id":67018,"href":"https:\/\/2horizontes.com\/index.php?rest_route=\/wp\/v2\/posts\/67016\/revisions\/67018"}],"wp:featuredmedia":[{"embeddable":true,"href":"https:\/\/2horizontes.com\/index.php?rest_route=\/wp\/v2\/media\/67017"}],"wp:attachment":[{"href":"https:\/\/2horizontes.com\/index.php?rest_route=%2Fwp%2Fv2%2Fmedia&parent=67016"}],"wp:term":[{"taxonomy":"category","embeddable":true,"href":"https:\/\/2horizontes.com\/index.php?rest_route=%2Fwp%2Fv2%2Fcategories&post=67016"},{"taxonomy":"post_tag","embeddable":true,"href":"https:\/\/2horizontes.com\/index.php?rest_route=%2Fwp%2Fv2%2Ftags&post=67016"}],"curies":[{"name":"wp","href":"https:\/\/api.w.org\/{rel}","templated":true}]}}