{"id":67012,"date":"2018-09-14T17:05:19","date_gmt":"2018-09-14T16:05:19","guid":{"rendered":"http:\/\/2horizontes.com\/?p=67012"},"modified":"2018-09-14T17:05:19","modified_gmt":"2018-09-14T16:05:19","slug":"la-provincia-maria-trinidad-sanchez-nagua-fue-anoche-orgullo-de-mi-tierra","status":"publish","type":"post","link":"https:\/\/2horizontes.com\/?p=67012","title":{"rendered":"La Provincia Mar\u00eda Trinidad S\u00e1nchez NAGUA  Fue anoche \u00bb ORGULLO DE MI TIERRA"},"content":{"rendered":"<div>En una Sala Eduardo Brito del Teatro Nacional repleta de personalidades de \u00e9sta\u00a0 Provincia, el Centro Cuesta Nacional (CCN) present\u00f3 \u00e9ste\u00a0 jueves 13 de septiembre la quinta edici\u00f3n de su proyecto\u00a0\u00abOrgullo de mi\u00a0Tierra\u00bb, que\u00a0 este a\u00f1o fu\u00e9 protagonizado por la provincia\u00a0Mar\u00eda Trinidad S\u00e1nchez.<\/p>\n<p>Mediante este proyecto\u00a0CCN\u00a0invit\u00f3 a descubrir las bondades y atributos de la provincia\u00a0\u00a0Mar\u00eda Trinidad S\u00e1nchez, cuna\u00a0 del merengue t\u00edpico, y un destino tur\u00edstico que tiene una particular forma de combinar en su territorio una oferta completa que incluye la playa, las monta\u00f1as con lagunas y majestuosos escenarios naturales.<\/p>\n<p>Dentro del hist\u00f3rico acto se le rindi\u00f3 homenaje a la leyenda de la m\u00fasica t\u00edpica a Bartolo Alvarado \u00abEl Cieguito de Nagua\u00bb; en donde tres hijos de \u00e9sta Provincia que les sacan notas al acorde\u00f3n subieron la escenario y a ritmo de merengue t\u00edpico interpretaron\u00a0 sus mejores \u00e9xitos como \u00abese diente de oro\u00bb; entre otros.<br \/>\nLos protagonista de \u00e9ste homenaje fueronLa Reyna Mar\u00eda Diaz, El Prodigio y Jhovanny Polanco.<br \/>\nVer\u00f3nica Reynoso hija de Bartolo Alvarado subi\u00f3 a recibir la estatuilla de reconocmiento en donde dijo lo siguiente: \u00abGran privilegio me ha dado la vida de recibir en nombre de papi Bartolo Alvarado \u00abEl Ciego de Nagua\u00bb este reconocimiento por parte de Centro Cuesta Nacional que lo distingue como Orgullo de Mi Tierra y ese homenaje de amor por parte de Jovanny polanco, El Prodigio y Maria Diaz La Reyna de la mano de Edilenia Tactuk mi respeto para su dedicaci\u00f3n y entrega\u00bb.<br \/>\n<a href=\"http:\/\/2horizontes.com\/wp-content\/uploads\/2018\/09\/FB_IMG_1536927539668.jpg\"><img loading=\"lazy\" decoding=\"async\" class=\"size-medium wp-image-67014 alignleft\" src=\"http:\/\/2horizontes.com\/wp-content\/uploads\/2018\/09\/FB_IMG_1536927539668-300x300.jpg\" alt=\"\" width=\"300\" height=\"300\" srcset=\"https:\/\/2horizontes.com\/wp-content\/uploads\/2018\/09\/FB_IMG_1536927539668-300x300.jpg 300w, https:\/\/2horizontes.com\/wp-content\/uploads\/2018\/09\/FB_IMG_1536927539668-150x150.jpg 150w, https:\/\/2horizontes.com\/wp-content\/uploads\/2018\/09\/FB_IMG_1536927539668-768x768.jpg 768w, https:\/\/2horizontes.com\/wp-content\/uploads\/2018\/09\/FB_IMG_1536927539668-510x510.jpg 510w, https:\/\/2horizontes.com\/wp-content\/uploads\/2018\/09\/FB_IMG_1536927539668.jpg 1080w\" sizes=\"auto, (max-width: 300px) 100vw, 300px\" \/><\/a><br \/>\nTambi\u00e9n fue reconocida la destacada comunicadora hija de Nagua Zoila Luna.<\/p>\n<p>Ahora toc\u00f3 presentar a un terru\u00f1o de paisajes indescriptibles, ubicada en la costa noroeste del pa\u00eds, que lleva el nombre de la hero\u00edna de la patria\u00a0Mar\u00eda Trinidad S\u00e1nchez. Esta provincia ha sido la protagonista de un libro de fotograf\u00eda\u00a0\u00a0de 327 p\u00e1ginas, que recopila 190 im\u00e1genes de 33 artistas del lente, acompa\u00f1ado de un texto elaborado por el investigador e historiador F\u00e9lix Fern\u00e1ndez.<\/p>\n<p>Un documental de 38 minutos permiti\u00f3 recrear las manifestaciones folcl\u00f3ricas, la diversidad cultural, la gastronom\u00eda, la historia, las creencias religiosas que componen la idiosincrasia de la provincia. Una producci\u00f3n de la Fundaci\u00f3n \u00abMemoria de Naci\u00f3n\u00bb, bajo la direcci\u00f3n del fenecido documentalista dominicano M\u00e1ximo Rodr\u00edguez.<\/p>\n<p>Williams Reynoso S\u00e1nchez.-<br \/>\nPresidente del Movimiento c\u00edvico sociocultural deportivo y religioso DE LA MANO CON LA PATRIA.<\/p><\/div>\n","protected":false},"excerpt":{"rendered":"<p>En una Sala Eduardo Brito del Teatro Nacional repleta de personalidades de \u00e9sta\u00a0 Provincia, el Centro Cuesta Nacional (CCN) present\u00f3 \u00e9ste\u00a0 jueves 13 de septiembre la quinta edici\u00f3n de su proyecto\u00a0\u00abOrgullo de mi\u00a0Tierra\u00bb, que\u00a0 este a\u00f1o fu\u00e9 protagonizado por la provincia\u00a0Mar\u00eda Trinidad S\u00e1nchez. Mediante este proyecto\u00a0CCN\u00a0invit\u00f3 a descubrir las bondades y atributos de la provincia\u00a0\u00a0Mar\u00eda [&hellip;]<\/p>\n","protected":false},"author":4,"featured_media":67013,"comment_status":"open","ping_status":"open","sticky":false,"template":"","format":"standard","meta":{"footnotes":""},"categories":[62,1,85,53,83],"tags":[],"class_list":["post-67012","post","type-post","status-publish","format-standard","has-post-thumbnail","hentry","category-cultura","category-entretenimiento","category-espana","category-provincias","category-reportajes"],"_links":{"self":[{"href":"https:\/\/2horizontes.com\/index.php?rest_route=\/wp\/v2\/posts\/67012","targetHints":{"allow":["GET"]}}],"collection":[{"href":"https:\/\/2horizontes.com\/index.php?rest_route=\/wp\/v2\/posts"}],"about":[{"href":"https:\/\/2horizontes.com\/index.php?rest_route=\/wp\/v2\/types\/post"}],"author":[{"embeddable":true,"href":"https:\/\/2horizontes.com\/index.php?rest_route=\/wp\/v2\/users\/4"}],"replies":[{"embeddable":true,"href":"https:\/\/2horizontes.com\/index.php?rest_route=%2Fwp%2Fv2%2Fcomments&post=67012"}],"version-history":[{"count":1,"href":"https:\/\/2horizontes.com\/index.php?rest_route=\/wp\/v2\/posts\/67012\/revisions"}],"predecessor-version":[{"id":67015,"href":"https:\/\/2horizontes.com\/index.php?rest_route=\/wp\/v2\/posts\/67012\/revisions\/67015"}],"wp:featuredmedia":[{"embeddable":true,"href":"https:\/\/2horizontes.com\/index.php?rest_route=\/wp\/v2\/media\/67013"}],"wp:attachment":[{"href":"https:\/\/2horizontes.com\/index.php?rest_route=%2Fwp%2Fv2%2Fmedia&parent=67012"}],"wp:term":[{"taxonomy":"category","embeddable":true,"href":"https:\/\/2horizontes.com\/index.php?rest_route=%2Fwp%2Fv2%2Fcategories&post=67012"},{"taxonomy":"post_tag","embeddable":true,"href":"https:\/\/2horizontes.com\/index.php?rest_route=%2Fwp%2Fv2%2Ftags&post=67012"}],"curies":[{"name":"wp","href":"https:\/\/api.w.org\/{rel}","templated":true}]}}