{"id":66983,"date":"2018-09-07T15:00:36","date_gmt":"2018-09-07T14:00:36","guid":{"rendered":"http:\/\/2horizontes.com\/?p=66983"},"modified":"2018-09-07T15:01:43","modified_gmt":"2018-09-07T14:01:43","slug":"el-zafiro-vine-a-esta-gira-a-pr-y-llevarle-flores-a-la-tumba-de-mi-hijo","status":"publish","type":"post","link":"https:\/\/2horizontes.com\/?p=66983","title":{"rendered":"El Zafiro \u00abvine a esta gira a PR y llevarle flores a la tumba de mi hijo"},"content":{"rendered":"<div class=\"gs\">\n<div class=\"\">\n<div id=\":of\" class=\"ii gt\">\n<div id=\":oe\" class=\"a3s aXjCH \">\n<div dir=\"auto\">\n<p>\u00bb La muerte de un hijo nunca se supera\u00bb.<\/p>\n<p>Por Dominga Valdez<\/p>\n<p>San Juan, Puerto Rico. El cantante Carlos Manuel El Zafiro, estuvo en gira corta en la isla del encanto y expres\u00f3 con tristeza que la muerte de un hijo es algo que nunca se supera y m\u00e1xime cuando no pudo verlo muerto ni asistir al entierro de su v\u00e1stago asesinado el en 2017 en borinquen.<\/p>\n<p>El legendario merenguero hizo esas expresiones al ser entrevistado en el programa Cl\u00e1sicos del s\u00e1bado que conducen por la emisora Cima 103.7 FM los locutores dominicanos Mart\u00edn R Bret\u00f3n y Raffy Cabrera.<\/p>\n<p>\u00bb Me ha dolido mucho la muerte de mi hijo, era mi amigo y me acompa\u00f1aba en las fiestas, duele que te maten un hijo, que te lo quiten as\u00ed de esa manera, es muy duro no verlo\u00bb, dijo<\/p>\n<p>\u00abIr\u00e9 a su tumba a llevarle flores, por problemas migratorios no pude verlo muerto ni venir a su funeral, ese sello de Dios me ha dado fortaleza para soportar esa muerte de mi hijo, no guardo rencores, la justicia de Dios es m\u00e1s fuerte que la del hombre, dejo todo en sus manos\u00bb, expres\u00f3.<\/p>\n<p>Con relaci\u00f3n a sus pasadas adicciones, respondi\u00f3 que \u00e9l es el vivo ejemplo que se puede salir del fondo, que ahora es un hombre nuevo y disciplinado aunque reconoce que andaba perdido en las calles en una bicicleta con el uso de estupefacientes, con la muerte en la cara.<\/p>\n<p>Me ve\u00eda horrible, pero hoy la gente me ve el cambio, viv\u00ed en carne propia la adicci\u00f3n, las drogas es una guerra sat\u00e1nica, es un proceso muy duro, gracias a Dios mucha gente me ayud\u00f3, oraron por m\u00ed y a los medios tambi\u00e9n les agradezco\u00bb .<\/p>\n<p>\u00bb Con la fe todo se puede, tuve que dejar todo entorno que me hizo da\u00f1o, me fui a Orlando con gente fuera de vicios, soy un hombre que cree en Dios, \u00e9l me ha demostrado que todo con fuerza de voluntad se puede, tengo disciplina, nuevo orden y nueva mentalidad\u00bb, precis\u00f3.<\/p>\n<p>Indic\u00f3 que estuvo en tres programas de adicci\u00f3n, por eso asegur\u00f3 que el est\u00e1 libre de drogas si prueba un d\u00eda vuelve a las adicciones.<\/p>\n<p>Habl\u00f3 de su situaci\u00f3n econ\u00f3mica en estos momentos donde dice no estar acalaudado, pero s\u00ed sostenible.<\/p>\n<p>\u00bb Vivo dignamente en la ciudad de Orlando, Dios me bendice cada d\u00eda, no deseo acumular fortunas, mansiones ni Ferraris, no me falta trabajo y eso es una gran bendici\u00f3n, no nos llevamos ni un peso cuando uno parte al plano celestial\u00bb, argument\u00f3.<\/p>\n<p>De su estilo flamenco al cantar reconoci\u00f3 que no est\u00e1 igual por los a\u00f1os, pero que canta con la misma pasi\u00f3n de siempre.<\/p>\n<p>\u00bb En estos momentos no hay artista m\u00e1s limpio que \u00e9ste que est\u00e1 aqu\u00ed, llevo cuatro a\u00f1os sin fumar, no bebo caf\u00e9 ni le acepto a nadie cervezas ni una copa de vino, le doy una prueba ahora mismo de sangre o como quieran, estoy limpio y otros tambi\u00e9n pueden lograrlo con mucha fuerza de voluntad\u00bb finaliz\u00f3 Carlos Manuel El zafiro,<br \/>\nEl Diamante Azul, como se autoproclama ahora el cantante del amor.<\/p>\n<div class=\"yj6qo\"><\/div>\n<div class=\"adL\"><\/div>\n<\/div>\n<\/div>\n<\/div>\n<div id=\":q5\" class=\"hq gt a10\">\n<div id=\":q8\"><\/div>\n<div id=\":q7\" class=\"aQH\">\n<div class=\"aZK\"><\/div>\n<\/div>\n<\/div>\n<div class=\"hi\"><\/div>\n<\/div>\n<\/div>\n","protected":false},"excerpt":{"rendered":"<p>\u00bb La muerte de un hijo nunca se supera\u00bb. Por Dominga Valdez San Juan, Puerto Rico. El cantante Carlos Manuel El Zafiro, estuvo en gira corta en la isla del encanto y expres\u00f3 con tristeza que la muerte de un hijo es algo que nunca se supera y m\u00e1xime cuando no pudo verlo muerto ni [&hellip;]<\/p>\n","protected":false},"author":4,"featured_media":66984,"comment_status":"open","ping_status":"open","sticky":false,"template":"","format":"standard","meta":{"footnotes":""},"categories":[1,40],"tags":[],"class_list":["post-66983","post","type-post","status-publish","format-standard","has-post-thumbnail","hentry","category-entretenimiento","category-internacionales"],"_links":{"self":[{"href":"https:\/\/2horizontes.com\/index.php?rest_route=\/wp\/v2\/posts\/66983","targetHints":{"allow":["GET"]}}],"collection":[{"href":"https:\/\/2horizontes.com\/index.php?rest_route=\/wp\/v2\/posts"}],"about":[{"href":"https:\/\/2horizontes.com\/index.php?rest_route=\/wp\/v2\/types\/post"}],"author":[{"embeddable":true,"href":"https:\/\/2horizontes.com\/index.php?rest_route=\/wp\/v2\/users\/4"}],"replies":[{"embeddable":true,"href":"https:\/\/2horizontes.com\/index.php?rest_route=%2Fwp%2Fv2%2Fcomments&post=66983"}],"version-history":[{"count":2,"href":"https:\/\/2horizontes.com\/index.php?rest_route=\/wp\/v2\/posts\/66983\/revisions"}],"predecessor-version":[{"id":66986,"href":"https:\/\/2horizontes.com\/index.php?rest_route=\/wp\/v2\/posts\/66983\/revisions\/66986"}],"wp:featuredmedia":[{"embeddable":true,"href":"https:\/\/2horizontes.com\/index.php?rest_route=\/wp\/v2\/media\/66984"}],"wp:attachment":[{"href":"https:\/\/2horizontes.com\/index.php?rest_route=%2Fwp%2Fv2%2Fmedia&parent=66983"}],"wp:term":[{"taxonomy":"category","embeddable":true,"href":"https:\/\/2horizontes.com\/index.php?rest_route=%2Fwp%2Fv2%2Fcategories&post=66983"},{"taxonomy":"post_tag","embeddable":true,"href":"https:\/\/2horizontes.com\/index.php?rest_route=%2Fwp%2Fv2%2Ftags&post=66983"}],"curies":[{"name":"wp","href":"https:\/\/api.w.org\/{rel}","templated":true}]}}