{"id":66980,"date":"2018-09-07T14:24:41","date_gmt":"2018-09-07T13:24:41","guid":{"rendered":"http:\/\/2horizontes.com\/?p=66980"},"modified":"2018-09-07T14:24:41","modified_gmt":"2018-09-07T13:24:41","slug":"el-ayuntamiento-de-leganes-mantendra-la-imagen-del-che","status":"publish","type":"post","link":"https:\/\/2horizontes.com\/?p=66980","title":{"rendered":"El Ayuntamiento de Legan\u00e9s mantendr\u00e1 la imagen del Che"},"content":{"rendered":"<div class=\"articulo-encabezado-texto\">\n<div id=\"articulo-titulares\" class=\"articulo-titulares\">\n<div class=\"articulo-subtitulos\">\n<h2 class=\"articulo-subtitulo\">Un exportavoz del PP en el municipio promovi\u00f3 una recogida de firmas para retirarla y colocar otra de Chiquito de la Calzada en su lugar<\/h2>\n<\/div>\n<\/div>\n<\/div>\n<aside id=\"compartir_superior\" class=\"compartir\">\n<div class=\"compartir__interior\">\n<div id=\"compartir_social\" class=\"compartir-social\">\n<p>La estatua del Che Guevara seguir\u00e1 en\u00a0Legan\u00e9s, al menos por ahora. \u00abEl Ayuntamiento no ha tomado ninguna decisi\u00f3n al respecto\u00bb, han asegurado a EFE fuentes del Consistorio tras la petici\u00f3n de\u00a0Juan Manuel \u00c1lamo Ca\u00f1adas, portavoz del PP en Legan\u00e9s entre 2011 Y 2015, de cambiar la estatua situada en\u00a0la Avenida Rey Juan Carlos I por una de Chiquito de la Calzada.<\/p>\n<div id=\"elpais_gpt-INTEXT\" data-google-query-id=\"CLb8taP-qN0CFYKgUQodHPAGaA\">\n<div id=\"google_ads_iframe_\/7811748\/elpais_web\/ccaa\/intext_0__container__\"><iframe id=\"google_ads_iframe_\/7811748\/elpais_web\/ccaa\/intext_0\" title=\"3rd party ad content\" name=\"google_ads_iframe_\/7811748\/elpais_web\/ccaa\/intext_0\" width=\"1\" height=\"1\" frameborder=\"0\" marginwidth=\"0\" marginheight=\"0\" scrolling=\"no\"><\/iframe><\/div>\n<\/div>\n<p>\u00c1lamo inici\u00f3 este mi\u00e9rcoles una recogida de firmas en la plataforma Change.org pidiendo el cambio del busto del Che situado en la puerta del anfiteatro Egaleo\u00a0por otra estatua \u00abde una persona amable y optimista vinculada a la cultura\u00bb, en referencia al c\u00f3mico andaluz fallecido en 2017. La estatua, situada en una de las principales avenidas de la ciudad, lleva instalada desde 2001.<\/p>\n<div class=\"teads-inread sm-screen\">\n<div class=\"teads-ui-components-credits\">La petici\u00f3n hab\u00eda recogido 500 apoyos. Bego\u00f1a Villac\u00eds,\u00a0<span class=\"st\">portavoz del grupo de Ciudadanos en el Ayuntamiento de Madrid<\/span>, se ha mostrado a favor de realizar el cambio en Twitter.<\/div>\n<\/div>\n<\/div>\n<\/div>\n<\/aside>\n","protected":false},"excerpt":{"rendered":"<p>Un exportavoz del PP en el municipio promovi\u00f3 una recogida de firmas para retirarla y colocar otra de Chiquito de la Calzada en su lugar La estatua del Che Guevara seguir\u00e1 en\u00a0Legan\u00e9s, al menos por ahora. \u00abEl Ayuntamiento no ha tomado ninguna decisi\u00f3n al respecto\u00bb, han asegurado a EFE fuentes del Consistorio tras la petici\u00f3n [&hellip;]<\/p>\n","protected":false},"author":4,"featured_media":66981,"comment_status":"open","ping_status":"open","sticky":false,"template":"","format":"standard","meta":{"footnotes":""},"categories":[62,85],"tags":[],"class_list":["post-66980","post","type-post","status-publish","format-standard","has-post-thumbnail","hentry","category-cultura","category-espana"],"_links":{"self":[{"href":"https:\/\/2horizontes.com\/index.php?rest_route=\/wp\/v2\/posts\/66980","targetHints":{"allow":["GET"]}}],"collection":[{"href":"https:\/\/2horizontes.com\/index.php?rest_route=\/wp\/v2\/posts"}],"about":[{"href":"https:\/\/2horizontes.com\/index.php?rest_route=\/wp\/v2\/types\/post"}],"author":[{"embeddable":true,"href":"https:\/\/2horizontes.com\/index.php?rest_route=\/wp\/v2\/users\/4"}],"replies":[{"embeddable":true,"href":"https:\/\/2horizontes.com\/index.php?rest_route=%2Fwp%2Fv2%2Fcomments&post=66980"}],"version-history":[{"count":1,"href":"https:\/\/2horizontes.com\/index.php?rest_route=\/wp\/v2\/posts\/66980\/revisions"}],"predecessor-version":[{"id":66982,"href":"https:\/\/2horizontes.com\/index.php?rest_route=\/wp\/v2\/posts\/66980\/revisions\/66982"}],"wp:featuredmedia":[{"embeddable":true,"href":"https:\/\/2horizontes.com\/index.php?rest_route=\/wp\/v2\/media\/66981"}],"wp:attachment":[{"href":"https:\/\/2horizontes.com\/index.php?rest_route=%2Fwp%2Fv2%2Fmedia&parent=66980"}],"wp:term":[{"taxonomy":"category","embeddable":true,"href":"https:\/\/2horizontes.com\/index.php?rest_route=%2Fwp%2Fv2%2Fcategories&post=66980"},{"taxonomy":"post_tag","embeddable":true,"href":"https:\/\/2horizontes.com\/index.php?rest_route=%2Fwp%2Fv2%2Ftags&post=66980"}],"curies":[{"name":"wp","href":"https:\/\/api.w.org\/{rel}","templated":true}]}}