{"id":66963,"date":"2018-09-07T13:44:30","date_gmt":"2018-09-07T12:44:30","guid":{"rendered":"http:\/\/2horizontes.com\/?p=66963"},"modified":"2018-09-07T13:44:49","modified_gmt":"2018-09-07T12:44:49","slug":"nadal-un-maratoniano-en-nueva-york","status":"publish","type":"post","link":"https:\/\/2horizontes.com\/?p=66963","title":{"rendered":"Nadal, un \u2018maratoniano\u2019 en Nueva York"},"content":{"rendered":"<div class=\"articulo-encabezado-texto\">\n<div id=\"articulo-titulares\" class=\"articulo-titulares\">\n<div class=\"articulo-subtitulos\">\n<h2 class=\"articulo-subtitulo\">El n\u00famero uno aterriza en las semifinales (22.00) con tres horas y seis kil\u00f3metros m\u00e1s sobre la pista que Del Potro. \u201cMe quedo con c\u00f3mo ha competido, cuando ha sido exigido ha respondido bien\u201d, valora Moy\u00e0<\/h2>\n<\/div>\n<\/div>\n<\/div>\n<aside id=\"compartir_superior\" class=\"compartir\">\n<div class=\"compartir__interior\">\n<div id=\"compartir_social\" class=\"compartir-social\">\n<p>\u201c\u00bfTengo el r\u00e9cord? \u00bfSoy el primero en eso?\u201d. El instinto competitivo de\u00a0<strong>Rafael Nadal<\/strong>\u00a0aflora cuando son casi las tres de la madrugada en Nueva York y\u00a0acaba de reducir a Dominic Thiem despu\u00e9s de un pulso de alto voltaje. Se le pregunta sobre el tiempo que ha empleado para desembarcar en el choque de semifinales contra\u00a0<strong>Juan Mart\u00edn del Potro<\/strong>\u00a0(22.00, Eurosport), sobre el paliz\u00f3n que arrastra al haber acumulado m\u00e1s horas de las previstas en la pista (casi 16 horas) durante los cinco duelos previos: \u201cNo s\u00e9 c\u00f3mo estar\u00e9, pero lo que es seguro es que si solo hubiera tenido un d\u00eda de descanso no estar\u00eda preparado. No lo s\u00e9\u2026 el viernes, despu\u00e9s del partido, os lo contar\u00e9\u201d, contesta el n\u00famero uno, con los biorritmos todav\u00eda disparados.<\/p>\n<p>El mallorqu\u00edn abandon\u00f3 el complejo Billie Jean-King de Flushing Meadows poco despu\u00e9s de su charla con los periodistas y hasta las seis de la ma\u00f1ana no pudo conciliar definitivamente el sue\u00f1o. \u201cSe fue a dormir tan tarde por la descarga de adrenalina que llevaba encima\u201d, explica su t\u00e9cnico, Carlos Moy\u00e0. Al d\u00eda siguiente el tenista amaneci\u00f3 a la una del mediod\u00eda, trabaj\u00f3 de forma ligera en el gimnasio y por la tarde se fue con su padre (Sebasti\u00e0), su preparador f\u00edsico (Rafa Maym\u00f3) y su entrenador al centro de hidroterapia AIRE, en el Soho de Manhattan, para darse unos ba\u00f1os de contraste, con agua fr\u00eda y caliente. El objetivo era relajar lo m\u00e1ximo posible la musculatura tras unos d\u00edas competitivos de una exigencia mayor.<\/p>\n<p>\u201cEl d\u00eda extra que hemos tenido nos va a venir muy bien porque no solo fue duro el partido de Thiem, sino tambi\u00e9n los dos anteriores. El estr\u00e9s al que ha sido sometido Rafa ha sido importante\u201d, cuenta Moy\u00e0, m\u00e1s partidario de dosificar que de seguir sobrecargando a su jugador. Por eso decidi\u00f3\u00a0<em>liberar<\/em>\u00a0a Nadal del trabajo de pista, consciente de que el derroche f\u00edsico hab\u00eda sido m\u00e1s que considerable en las cinco primeras rondas del torneo. Desgranados, los tiempos son los siguientes:\u00a01h 23m contra David Ferrer,\u00a01h 59 m con Vasek Pospisil,\u00a04h 23m ante Karen Khachanov,\u00a03h 19m frente a Nikoloz Basilashvili\u00a0y\u00a04h 49m (el partido m\u00e1s largo del evento) contra Thiem.<\/p>\n<p>En Nueva York, hasta ahora, se ha visto a un Nadal maratoniano, estirando sus compromisos bastante m\u00e1s de lo que preve\u00eda. Hasta el choque contra Del Potro ha invertido casi 15h 54m, pr\u00e1cticamente tres m\u00e1s que su adversario (12h 49), menos dilatado ante Young, Kudla, Verdasco, Coric e Isner, siendo este \u00faltimo (3h 31m) su encuentro m\u00e1s prolongado. El espa\u00f1ol, adem\u00e1s, ha recorrido 16,8 kil\u00f3metos en total, por los 10,5 del oponente. \u201cMe quedo con c\u00f3mo ha competido, porque ha competido de una forma espectacular\u201d, valora Moy\u00e0, que a continuaci\u00f3n a\u00f1ade el\u00a0<em>pero<\/em>: \u201cLo menos positivo ha sido que ha jugado demasiado tiempo pasivo, lo que yo entiendo por pasivo: sin intenci\u00f3n, intentando salvarse sin tener un objetivo claro; cediendo la iniciativa cuando \u00e9l la puede llevar perfectamente, porque lo ha demostrado. Tambi\u00e9n es verdad que cuando ha sido exigido la ha tenido\u201d.<\/p>\n<h3>Tres referencias recientes, tres victorias<\/h3>\n<section id=\"sumario_3|foto\" class=\"sumario_foto centro\"><a name=\"sumario_3\"><\/a><\/p>\n<div class=\"sumario__interior\">\n<figure class=\"foto foto_w980\"><a class=\"enlace\" style=\"margin: 0px; padding: 0px; border: none; font: inherit; vertical-align: baseline; box-sizing: border-box; background-color: transparent; text-decoration: none; color: #016ca2; touch-action: manipulation; position: relative; display: block;\"><img loading=\"lazy\" decoding=\"async\" src=\"https:\/\/ep01.epimg.net\/deportes\/imagenes\/2018\/09\/06\/actualidad\/1536244549_203573_1536268539_sumario_normal.jpg\" srcset=\"\/\/ep01.epimg.net\/deportes\/imagenes\/2018\/09\/06\/actualidad\/1536244549_203573_1536268539_sumario_normal_recorte1.jpg 1960w, \/\/ep01.epimg.net\/deportes\/imagenes\/2018\/09\/06\/actualidad\/1536244549_203573_1536268539_sumario_normal_recorte2.jpg 720w, \/\/ep01.epimg.net\/deportes\/imagenes\/2018\/09\/06\/actualidad\/1536244549_203573_1536268539_sumario_normal.jpg 980w\" alt=\"Del Potro, durante el partido de cuartos contra Isner en Nueva York.\" width=\"980\" height=\"118\" \/><span class=\"boton_ampliar\">ampliar foto<\/span><\/a><figcaption class=\"foto-pie\"><span class=\"foto-texto\">Del Potro, durante el partido de cuartos contra Isner en Nueva York.<\/span>\u00a0<span class=\"foto-firma\"><span class=\"foto-autor\">AL BELLO<\/span>\u00a0<span class=\"foto-agencia\">AFP<\/span><\/span><\/figcaption><\/figure>\n<div class=\"sumario-texto\"><\/div>\n<\/div>\n<\/section>\n<p>Y el que en su d\u00eda fuese n\u00famero uno (1999) prosigue: \u201cHa sido un tema m\u00e1s mental, porque a veces juegas con tanta confianza que te despistas y bajas un poco la concentraci\u00f3n, pero cuando ha sido requerido ha reaccionado bien. Cuando \u00e9l pone la sexta hay pocos jugadores que le puedan seguir a Rafa. Si te matan a saques o a derechas es m\u00e1s complicado, pero si la mete es muy dif\u00edcil que le pueda seguir nadie\u201d.<\/p>\n<p>En los 15 precedentes, Del Potro fue capaz de hacerlo en cinco ocasiones. Sin embargo, la \u00faltima corresponde a los Juegos Ol\u00edmpicos de hace dos a\u00f1os y en los tres careos m\u00e1s recientes fue derrotado por Nadal en grandes escenarios:\u00a0el US Open del curso pasado (semifinales), y\u00a0Roland Garros (semifinales)\u00a0y\u00a0Wimbledon (cuartos)\u00a0esta temporada. El argentino, acompa\u00f1ado estos d\u00edas neoyorquinos por su pandilla del colegio \u201315 amigos que se hacen notar en Flushing Meadows\u2013, atraviesa por el que seguramente es el mejor momento de toda su carrera. Lleg\u00f3 a Nueva York con su\u00a0<em>ranking<\/em>\u00a0m\u00e1s alto (3) y\u00a0habiendo ganado este a\u00f1o su primer Masters 1.000<\/p>\n<p>\u201cNadal siempre te corre una m\u00e1s y te la trae, y termina gan\u00e1ndote los partidos que por ah\u00ed uno cree que no lo va a hacer\u201d, previene el de Tandil. \u201cImagino un partido superdif\u00edcil, pero si me recupero en los f\u00edsico y estoy en buenas condiciones, tendr\u00e9 mis chances\u201d, a\u00f1ade. \u201cJuan Mart\u00edn es un gran jugador en cualquier superficie, pero jugar contra \u00e9l en dura hace que el desaf\u00edo sea a\u00fan mayor para m\u00ed. Nos conocemos mucho y tendr\u00e9 que llevar mi juego al m\u00e1ximo nivel\u201d, responde Nadal. \u201cSabemos que su derecha es el tiro m\u00e1s definitivo de todo el circuito\u201d, apostilla Moy\u00e0 despu\u00e9s del entrenamiento en la pista 1, con el argentino peloteando en la cancha anexa.<\/p>\n<p>\u201cRafa aqu\u00ed no est\u00e1 al cien por cien todav\u00eda, pero la progresi\u00f3n ha sido buena\u201d, ampl\u00eda antes de cerrar e irse a comer y jugar la tradicional partida de parch\u00eds: \u201cMe gustaron los dos primeros partidos, que por las condiciones hicieron que fuera m\u00e1s agresivo porque con el calor y la humedad intent\u00f3 rehuir los puntos largos. El tercero y el cuarto fueron un poco peor. No nos preocup\u00f3, pero vimos que era un poco distinto, porque fueron m\u00e1s flojos; flojos para ser Rafa, \u00bfeh? Luego, el partido de Thiem s\u00ed que fue un indicativo de que ha progresado. Hizo un buen tenis. Se recuper\u00f3 bien mentalmente y hay que tener en cuenta al rival\u201d.<\/p>\n<p>En este caso, el siempre peligroso Del Potro. Otra vez Del Potro.<\/p>\n<\/div>\n<\/div>\n<\/aside>\n","protected":false},"excerpt":{"rendered":"<p>El n\u00famero uno aterriza en las semifinales (22.00) con tres horas y seis kil\u00f3metros m\u00e1s sobre la pista que Del Potro. \u201cMe quedo con c\u00f3mo ha competido, cuando ha sido exigido ha respondido bien\u201d, valora Moy\u00e0 \u201c\u00bfTengo el r\u00e9cord? \u00bfSoy el primero en eso?\u201d. El instinto competitivo de\u00a0Rafael Nadal\u00a0aflora cuando son casi las tres de [&hellip;]<\/p>\n","protected":false},"author":4,"featured_media":66964,"comment_status":"open","ping_status":"open","sticky":false,"template":"","format":"standard","meta":{"footnotes":""},"categories":[42,85,40],"tags":[],"class_list":["post-66963","post","type-post","status-publish","format-standard","has-post-thumbnail","hentry","category-deportes","category-espana","category-internacionales"],"_links":{"self":[{"href":"https:\/\/2horizontes.com\/index.php?rest_route=\/wp\/v2\/posts\/66963","targetHints":{"allow":["GET"]}}],"collection":[{"href":"https:\/\/2horizontes.com\/index.php?rest_route=\/wp\/v2\/posts"}],"about":[{"href":"https:\/\/2horizontes.com\/index.php?rest_route=\/wp\/v2\/types\/post"}],"author":[{"embeddable":true,"href":"https:\/\/2horizontes.com\/index.php?rest_route=\/wp\/v2\/users\/4"}],"replies":[{"embeddable":true,"href":"https:\/\/2horizontes.com\/index.php?rest_route=%2Fwp%2Fv2%2Fcomments&post=66963"}],"version-history":[{"count":2,"href":"https:\/\/2horizontes.com\/index.php?rest_route=\/wp\/v2\/posts\/66963\/revisions"}],"predecessor-version":[{"id":66966,"href":"https:\/\/2horizontes.com\/index.php?rest_route=\/wp\/v2\/posts\/66963\/revisions\/66966"}],"wp:featuredmedia":[{"embeddable":true,"href":"https:\/\/2horizontes.com\/index.php?rest_route=\/wp\/v2\/media\/66964"}],"wp:attachment":[{"href":"https:\/\/2horizontes.com\/index.php?rest_route=%2Fwp%2Fv2%2Fmedia&parent=66963"}],"wp:term":[{"taxonomy":"category","embeddable":true,"href":"https:\/\/2horizontes.com\/index.php?rest_route=%2Fwp%2Fv2%2Fcategories&post=66963"},{"taxonomy":"post_tag","embeddable":true,"href":"https:\/\/2horizontes.com\/index.php?rest_route=%2Fwp%2Fv2%2Ftags&post=66963"}],"curies":[{"name":"wp","href":"https:\/\/api.w.org\/{rel}","templated":true}]}}