{"id":6696,"date":"2015-05-12T08:11:58","date_gmt":"2015-05-12T07:11:58","guid":{"rendered":"http:\/\/2horizontes.com\/?p=6696"},"modified":"2015-05-12T08:11:58","modified_gmt":"2015-05-12T07:11:58","slug":"hollande-dice-que-vivio-un-momento-historico-con-fidel-castro","status":"publish","type":"post","link":"https:\/\/2horizontes.com\/?p=6696","title":{"rendered":"Hollande dice que vivi\u00f3 un \u00abmomento hist\u00f3rico\u00bb con Fidel Castro"},"content":{"rendered":"<div id=\"ArticleAuthorDiv\" class=\"article-body-author\"><b>AFP<\/b><\/div>\n<div id=\"ArticleSourceDiv\" class=\"article-body-author\"><b>La Habana<\/b><\/div>\n<div id=\"ArticleBody\">\n<p>El presidente Fran\u00e7ois Hollande afirm\u00f3 haber vivido un \u00abmomento hist\u00f3rico\u00bb en su encuentro con el padre de la revoluci\u00f3n cubana Fidel Castro, en la primera visita de un jefe de Estado franc\u00e9s a la isla.<\/p>\n<p>El encuentro a puertas cerradas de 50 minutos de duraci\u00f3n tuvo lugar en el hogar del expresidente cubano de 88 a\u00f1os en La Habana y fue mantenido en reserva hasta \u00faltimo minuto.<\/p>\n<p>Primer jefe de Estado occidental que visita Cuba tras el anuncio del deshielo entre la isla y Estados Unidos, Hollande dijo ante la comunidad francesa residente que hab\u00eda \u00abdeseado vivir este momento hist\u00f3rico\u00bb.<\/p>\n<p>\u00abTen\u00eda adelante m\u00edo un hombre que ha hecho historia. Hay evidentemente debates sobre el lugar que ocupa, sus responsabilidades, pero viniendo a Cuba yo deseaba reunirme con Fidel Castro\u00bb, expres\u00f3, explicando que el Comandante en Jefe \u00abhabl\u00f3 mucho\u00bb.<\/p>\n<p>De visita en Cuba para promover los intereses franceses y europeos, Hollande dio muestras de solidaridad con las autoridades cubanas.<\/p>\n<p>En la ma\u00f1ana, en un discurso en la Universidad de La Habana, pidi\u00f3 el levantamiento del embargo econ\u00f3mico estadounidense, que seg\u00fan \u00e9l ha \u00abperjudicado tanto\u00bb el desarrollo de la isla comunista desde 1962.<\/p>\n<p>El presidente franc\u00e9s, que destac\u00f3 que su gira se inscribe \u00aben un contexto particularmente importante, pero todav\u00eda incierto\u00bb, tambi\u00e9n llamo a La Habana a flexibilizar las \u00abreglas\u00bb para facilitar el comercio y la instalaci\u00f3n de empresas francesas en la isla.<\/p>\n<p><b>Un golpe diplom\u00e1tico <\/b><br \/>\nEn su gira de cinco d\u00edas al Caribe, el presidente franc\u00e9s tambi\u00e9n sostuvo un encuentro con su hom\u00f3logo cubano Ra\u00fal Castro, quien sucedi\u00f3 a su hermano Fidel en 2006, en el Palacio de la Revoluci\u00f3n donde fue recibido con honores militares.<\/p>\n<p>Con esta visita, en el curso de la cual no est\u00e1 programado ning\u00fan encuentro con disidentes, Hollande dio un \u00abgolpe\u00bb diplom\u00e1tico a los otros jefes de Estado occidentales seducidos por las perspectivas de una apertura en Cuba.<\/p>\n<p>Par\u00eds busca as\u00ed capitalizar los lazos establecidos hace poco m\u00e1s de un a\u00f1o por una visita a la isla de su ministro de Relaciones Exteriores, Laurent Fabius.<\/p>\n<p>Desde entonces Francia se posicion\u00f3 en primera l\u00ednea en el acercamiento entre la Uni\u00f3n Europea y La Habana, que las dos partes esperan sellar de aqu\u00ed a fin de a\u00f1o con la firma de un acuerdo.<\/p>\n<p>Hollande afirm\u00f3 que la cuesti\u00f3n de los derechos humanos, por la que el r\u00e9gimen cubano es a menudo criticado, ser\u00e1 \u00abnecesariamente\u00bb tratada durante la visita a Cuba.<\/p>\n<p>Su primer gesto el lunes en la ma\u00f1ana fue imponer la Legi\u00f3n de Honor al cardenal cubano Jaime Ortega, cuyo papel de mediador favoreci\u00f3 la liberaci\u00f3n de presos pol\u00edticos en 2010 y 2011.<\/p>\n<p>Al mediod\u00eda Hollande inaugur\u00f3 el Palacio G\u00f3mez, la nueva sede de la Alianza Francesa en La Habana, donde est\u00e1n inscritos m\u00e1s de 10.000 alumnos.<\/p>\n<p>El mandatario rompi\u00f3 el protocolo en una caminata improvisada en medio de una multitud por el Paseo del Prado, una de las avenidas m\u00e1s tradicionales de la capital.<\/p>\n<p>A pesar del calor, numerosos cubanos se acercaron a saludarlo y tomarle fotos, bajo la atenta mirada de un doble cord\u00f3n de seguridad cubano y franc\u00e9s, sin impedir su contacto con la muchedumbre.<\/p>\n<p>D\u00e9cimo socio econ\u00f3mico de la isla, Francia quiere ampliar su presencia en el mercado cubano y no dejar pasar el tren de la apertura econ\u00f3mica. Numerosos empresarios franceses acompa\u00f1an a Hollande en una delegaci\u00f3n que incluye a siete ministros y viceministros.<\/p>\n<p>Varios acuerdos fueron firmados en esta ocasi\u00f3n, pero \u00abno es tanto la cantidad lo que va a contar, sino el acceso a los mercados latinoamericanos\u00bb, confes\u00f3 el mandatario franc\u00e9s.<\/p>\n<p>Existe la \u00abvoluntad de Francia de multiplicar los intercambios culturales\u00bb as\u00ed como \u00abtambi\u00e9n los econ\u00f3micos con Am\u00e9rica Latina\u00bb, destac\u00f3.<\/p>\n<p>Adem\u00e1s, Hollande ha tratado con las autoridades cubanas la pr\u00f3xima conferencia de Par\u00eds sobre clima (del 29 de noviembre al 1 de diciembre), que Francia espera concluir con un acuerdo.<\/p>\n<p>Seg\u00fan fuentes del El\u00edseo, este tema fue largamente abordado con Fidel Castro, un aficionado a la agricultura y los asuntos alimentarios.<\/p>\n<p><b>Por las calles de La Habana<\/b><br \/>\nHollande rompi\u00f3 este lunes el protocolo en su hist\u00f3rica visita a Cuba, al caminar por calles de La Habana y estrechar la mano con muchos cubanos que se acercaron a saludarlo.<\/p>\n<p>Luego de encabezar la inauguraci\u00f3n del nuevo edificio de la Alianza Francesa, Hollande camin\u00f3 al mediod\u00eda por el Paseo del Prado, uno de los m\u00e1s tradicionales de la capital cubana, que marca el l\u00edmite entre La Habana Vieja y el municipio de Centro Habana, donde recibi\u00f3 saludos y aplausos de los vecinos y transe\u00fantes.<\/p>\n<p>\u00abGracias a usted\u00bb, dijo varias veces Hollande a los vecinos que lo saludaban y aplaud\u00edan, mientras caminaba rodeado de periodistas. Sus escoltas no impidieron su contacto con los cubanos.<\/p>\n<p>\u00abPara nosotros es un gran acontecimiento (su visita), eso refuerza m\u00e1s la amistad que siempre ha habido entre Cuba y todos los pa\u00edses de Europa\u00bb, dijo a la AFP Gilberto Rose, vecino de La Habana Vieja.<\/p>\n<p>\u00abEstos cambios para nuestro pa\u00eds son muy buenos porque nos da vistas de que se va a levantar el desarrollo del pa\u00eds (&#8230;) a partir de ahora, de todas estas relaciones\u00bb, dijo por su parte Estrella Delgado, tambi\u00e9n de La Habana Vieja.<\/p>\n<p>El presidente franc\u00e9s camin\u00f3 un par de cuadras desde la Alianza Francesa hasta el Parque Central y luego otro par de cuadras de regreso hasta el Hotel Sevilla (situado frente a la Alianza), donde encabez\u00f3 un encuentro empresarial.Hollande cumple la primera visita de un jefe de Estado occidental tras el deshielo entre Washington y La Habana en diciembre. Esta es la primera visita de un mandatario franc\u00e9s a la isla.<\/p>\n<\/div>\n","protected":false},"excerpt":{"rendered":"<p>AFP La Habana El presidente Fran\u00e7ois Hollande afirm\u00f3 haber vivido un \u00abmomento hist\u00f3rico\u00bb en su encuentro con el padre de la revoluci\u00f3n cubana Fidel Castro, en la primera visita de un jefe de Estado franc\u00e9s a la isla. El encuentro a puertas cerradas de 50 minutos de duraci\u00f3n tuvo lugar en el hogar del expresidente [&hellip;]<\/p>\n","protected":false},"author":7,"featured_media":6697,"comment_status":"open","ping_status":"open","sticky":false,"template":"","format":"standard","meta":{"footnotes":""},"categories":[49,40,43],"tags":[],"class_list":["post-6696","post","type-post","status-publish","format-standard","has-post-thumbnail","hentry","category-cuba","category-internacionales","category-politica"],"_links":{"self":[{"href":"https:\/\/2horizontes.com\/index.php?rest_route=\/wp\/v2\/posts\/6696","targetHints":{"allow":["GET"]}}],"collection":[{"href":"https:\/\/2horizontes.com\/index.php?rest_route=\/wp\/v2\/posts"}],"about":[{"href":"https:\/\/2horizontes.com\/index.php?rest_route=\/wp\/v2\/types\/post"}],"author":[{"embeddable":true,"href":"https:\/\/2horizontes.com\/index.php?rest_route=\/wp\/v2\/users\/7"}],"replies":[{"embeddable":true,"href":"https:\/\/2horizontes.com\/index.php?rest_route=%2Fwp%2Fv2%2Fcomments&post=6696"}],"version-history":[{"count":1,"href":"https:\/\/2horizontes.com\/index.php?rest_route=\/wp\/v2\/posts\/6696\/revisions"}],"predecessor-version":[{"id":6698,"href":"https:\/\/2horizontes.com\/index.php?rest_route=\/wp\/v2\/posts\/6696\/revisions\/6698"}],"wp:featuredmedia":[{"embeddable":true,"href":"https:\/\/2horizontes.com\/index.php?rest_route=\/wp\/v2\/media\/6697"}],"wp:attachment":[{"href":"https:\/\/2horizontes.com\/index.php?rest_route=%2Fwp%2Fv2%2Fmedia&parent=6696"}],"wp:term":[{"taxonomy":"category","embeddable":true,"href":"https:\/\/2horizontes.com\/index.php?rest_route=%2Fwp%2Fv2%2Fcategories&post=6696"},{"taxonomy":"post_tag","embeddable":true,"href":"https:\/\/2horizontes.com\/index.php?rest_route=%2Fwp%2Fv2%2Ftags&post=6696"}],"curies":[{"name":"wp","href":"https:\/\/api.w.org\/{rel}","templated":true}]}}