{"id":66914,"date":"2018-08-31T15:42:03","date_gmt":"2018-08-31T14:42:03","guid":{"rendered":"http:\/\/2horizontes.com\/?p=66914"},"modified":"2018-08-31T15:42:03","modified_gmt":"2018-08-31T14:42:03","slug":"muere-un-joven-tras-ser-corneado-en-un-encierro-en-ciudad-real","status":"publish","type":"post","link":"https:\/\/2horizontes.com\/?p=66914","title":{"rendered":"Muere un joven tras ser corneado en un encierro en Ciudad Real"},"content":{"rendered":"<h2 class=\"articulo-subtitulo\">La cogida se produjo en Fern\u00e1n Caballero, cuando la v\u00edctima trataba de refugiarse en las talanqueras del recorrido<\/h2>\n<div id=\"articulo_contenedor\" class=\"articulo__contenedor\">\n<div id=\"videonoticia\" class=\"centro\">\n<figure class=\"foto  centro\">\n<div id=\"multimediaPlayer_135765405\">\n<div><a class=\"posicionador\"><img loading=\"lazy\" decoding=\"async\" class=\"alignleft\" src=\"https:\/\/ep02.epimg.net\/elpais\/imagenes\/2018\/08\/31\/mundo_animal\/1535704844_208659_1535711265_noticia_fotograma.jpg\" width=\"640\" height=\"358\" \/><\/a><\/div>\n<\/div><figcaption class=\"foto-pie\"><span class=\"foto-texto\">Im\u00e1genes del encierro taurino.<\/span>\u00a0<span class=\"foto-firma\"><span class=\"foto-autor\">EPV<\/span><\/span><\/figcaption><\/figure>\n<\/div>\n<div id=\"cuerpo_noticia\" class=\"articulo-cuerpo\">\n<p>Un joven de 22 a\u00f1os ha fallecido este jueves tras ser corneado en la parte izquierda del costado por uno de dos toros que se sueltan durante el encierro en la localidad de\u00a0Fern\u00e1n Caballero (Ciudad Real)\u00a0con motivo de las fiestas de San Agust\u00edn.<\/p>\n<div id=\"elpais_gpt-INTEXT\" data-google-query-id=\"CJ7B6NfCl90CFcum7QodJVUIrw\">\n<div id=\"google_ads_iframe_\/7811748\/elpais_web\/mundo_animal\/intext_0__container__\"><iframe id=\"google_ads_iframe_\/7811748\/elpais_web\/mundo_animal\/intext_0\" title=\"3rd party ad content\" name=\"google_ads_iframe_\/7811748\/elpais_web\/mundo_animal\/intext_0\" width=\"1\" height=\"1\" frameborder=\"0\" marginwidth=\"0\" marginheight=\"0\" scrolling=\"no\" data-mce-fragment=\"1\"><\/iframe><\/div>\n<\/div>\n<p>Seg\u00fan han confirmado fuentes del Servicio de Salud de Castilla-La Mancha (Sescam) a Europa Press, la cogida se produjo sobre las 19.00, cuando el joven trataba de refugiarse en las talanqueras del recorrido. Este a\u00f1o se hab\u00edan incorporado m\u00e1s vallas para incrementar la seguridad. El joven fue derivado al Hospital General Universitario de Ciudad Real sobre las 20.00 por los servicios m\u00e9dicos.<\/p>\n<p>Hace cuatro a\u00f1os se produjeron dos cogidas graves y el a\u00f1o anterior, un hombre qued\u00f3 inconsciente en el suelo por causa de uno de los golpes. El suceso no solo ha causado conmoci\u00f3n entre los participantes en el encierro que cada a\u00f1o se celebra en este municipio, sino que\u00a0desde el Ayuntamiento, han expresado su profundo pesar por el fallecimiento del joven.<\/p>\n<p>\u00abDesde el Ayuntamiento de Fern\u00e1n Caballero queremos expresar nuestro profundo pesar por el tr\u00e1gico fallecimiento del mozo participante en nuestro Tradicional Encierro, as\u00ed como nuestro m\u00e1s sincero acompa\u00f1amiento en el dolor de familiares y amigos.\u00a0Descanse en Paz.\u00bb, ha declarado el Consistorio en un comunicado.\u00a0El encierro ha sido declarado de inter\u00e9s tur\u00edstico regional.<\/p>\n<\/div>\n<\/div>\n","protected":false},"excerpt":{"rendered":"<p>La cogida se produjo en Fern\u00e1n Caballero, cuando la v\u00edctima trataba de refugiarse en las talanqueras del recorrido Im\u00e1genes del encierro taurino.\u00a0EPV Un joven de 22 a\u00f1os ha fallecido este jueves tras ser corneado en la parte izquierda del costado por uno de dos toros que se sueltan durante el encierro en la localidad de\u00a0Fern\u00e1n [&hellip;]<\/p>\n","protected":false},"author":4,"featured_media":66915,"comment_status":"open","ping_status":"open","sticky":false,"template":"","format":"standard","meta":{"footnotes":""},"categories":[85,53],"tags":[],"class_list":["post-66914","post","type-post","status-publish","format-standard","has-post-thumbnail","hentry","category-espana","category-provincias"],"_links":{"self":[{"href":"https:\/\/2horizontes.com\/index.php?rest_route=\/wp\/v2\/posts\/66914","targetHints":{"allow":["GET"]}}],"collection":[{"href":"https:\/\/2horizontes.com\/index.php?rest_route=\/wp\/v2\/posts"}],"about":[{"href":"https:\/\/2horizontes.com\/index.php?rest_route=\/wp\/v2\/types\/post"}],"author":[{"embeddable":true,"href":"https:\/\/2horizontes.com\/index.php?rest_route=\/wp\/v2\/users\/4"}],"replies":[{"embeddable":true,"href":"https:\/\/2horizontes.com\/index.php?rest_route=%2Fwp%2Fv2%2Fcomments&post=66914"}],"version-history":[{"count":1,"href":"https:\/\/2horizontes.com\/index.php?rest_route=\/wp\/v2\/posts\/66914\/revisions"}],"predecessor-version":[{"id":66916,"href":"https:\/\/2horizontes.com\/index.php?rest_route=\/wp\/v2\/posts\/66914\/revisions\/66916"}],"wp:featuredmedia":[{"embeddable":true,"href":"https:\/\/2horizontes.com\/index.php?rest_route=\/wp\/v2\/media\/66915"}],"wp:attachment":[{"href":"https:\/\/2horizontes.com\/index.php?rest_route=%2Fwp%2Fv2%2Fmedia&parent=66914"}],"wp:term":[{"taxonomy":"category","embeddable":true,"href":"https:\/\/2horizontes.com\/index.php?rest_route=%2Fwp%2Fv2%2Fcategories&post=66914"},{"taxonomy":"post_tag","embeddable":true,"href":"https:\/\/2horizontes.com\/index.php?rest_route=%2Fwp%2Fv2%2Ftags&post=66914"}],"curies":[{"name":"wp","href":"https:\/\/api.w.org\/{rel}","templated":true}]}}