{"id":66902,"date":"2018-08-31T15:25:58","date_gmt":"2018-08-31T14:25:58","guid":{"rendered":"http:\/\/2horizontes.com\/?p=66902"},"modified":"2018-08-31T15:25:58","modified_gmt":"2018-08-31T14:25:58","slug":"abinader-sobre-posible-reeleccion-de-danilo-medina-eso-es-imposible","status":"publish","type":"post","link":"https:\/\/2horizontes.com\/?p=66902","title":{"rendered":"Abinader, sobre posible reelecci\u00f3n de Danilo Medina: \u201cEso es imposible\u201d"},"content":{"rendered":"<p>SANTO DOMINGO. Para Luis Abinader, aspirante a la candidatura presidencial del PRM, la reelecci\u00f3n presidencial est\u00e1 prohibida constitucionalmente, por lo que descarta que el mandatario Danilo Medina pueda optar por otro periodo gubernamental.<\/p>\n<p>Al hacer el planteamiento, tambi\u00e9n descart\u00f3 que en el pa\u00eds se produzca una reforma a la Constituci\u00f3n para permitir aprestos reeleccionistas, como han sugerido algunos sectores con relaci\u00f3n al jefe de Estado.<\/p>\n<p>De igual modo, dijo que ahora mismo la poblaci\u00f3n dominicana lo que quiere es un cambio.<\/p>\n<p>\u201cEso es imposible, porque est\u00e1 prohibido por la Constituci\u00f3n y porque una gran mayor\u00eda del pueblo lo que quiere es un cambio, un pa\u00eds diferente al que nos ha impuesto el PLD\u201d, dijo de acuerdo a una nota de prensa de su equipo pol\u00edtico.<\/p>\n<p>El tema de una posible reelecci\u00f3n del mandatario cobr\u00f3 fuerza luego de que \u00e9ste dijera en una entrevista que el Comit\u00e9 Pol\u00edtico de su partido ( de la Liberaci\u00f3n Dominicana) discutir\u00eda en marzo pr\u00f3ximo sobre el particular, lo que de inmediato provoc\u00f3 comentarios de rechazo y de apoyo tanto a lo interno de su organizaci\u00f3n como opositores y miembros de la sociedad civil.<\/p>\n<p>Abinader tambi\u00e9n se refiri\u00f3 a la afirmaci\u00f3n del ex presidente Leonel Fern\u00e1ndez, quien tambi\u00e9n es aspirante presidencial, de que cuenta con m\u00e1s apoyo que la oposici\u00f3n. Sobre el tema dijo que \u201cque el pueblo est\u00e1 opuesto a la continuidad del agotado modelo de gobierno del PLD, y rechaza de manera mayoritaria volver a un pasado que significa m\u00e1s de lo mismo\u201d.<\/p>\n<div class=\"addtoany_share_save_container addtoany_content_bottom\">\n<div class=\"addtoany_header\">Comparte<\/div>\n<\/div>\n","protected":false},"excerpt":{"rendered":"<p>SANTO DOMINGO. Para Luis Abinader, aspirante a la candidatura presidencial del PRM, la reelecci\u00f3n presidencial est\u00e1 prohibida constitucionalmente, por lo que descarta que el mandatario Danilo Medina pueda optar por otro periodo gubernamental. Al hacer el planteamiento, tambi\u00e9n descart\u00f3 que en el pa\u00eds se produzca una reforma a la Constituci\u00f3n para permitir aprestos reeleccionistas, como [&hellip;]<\/p>\n","protected":false},"author":4,"featured_media":66903,"comment_status":"open","ping_status":"open","sticky":false,"template":"","format":"standard","meta":{"footnotes":""},"categories":[43,44],"tags":[],"class_list":["post-66902","post","type-post","status-publish","format-standard","has-post-thumbnail","hentry","category-politica","category-republica-dominicana"],"_links":{"self":[{"href":"https:\/\/2horizontes.com\/index.php?rest_route=\/wp\/v2\/posts\/66902","targetHints":{"allow":["GET"]}}],"collection":[{"href":"https:\/\/2horizontes.com\/index.php?rest_route=\/wp\/v2\/posts"}],"about":[{"href":"https:\/\/2horizontes.com\/index.php?rest_route=\/wp\/v2\/types\/post"}],"author":[{"embeddable":true,"href":"https:\/\/2horizontes.com\/index.php?rest_route=\/wp\/v2\/users\/4"}],"replies":[{"embeddable":true,"href":"https:\/\/2horizontes.com\/index.php?rest_route=%2Fwp%2Fv2%2Fcomments&post=66902"}],"version-history":[{"count":1,"href":"https:\/\/2horizontes.com\/index.php?rest_route=\/wp\/v2\/posts\/66902\/revisions"}],"predecessor-version":[{"id":66904,"href":"https:\/\/2horizontes.com\/index.php?rest_route=\/wp\/v2\/posts\/66902\/revisions\/66904"}],"wp:featuredmedia":[{"embeddable":true,"href":"https:\/\/2horizontes.com\/index.php?rest_route=\/wp\/v2\/media\/66903"}],"wp:attachment":[{"href":"https:\/\/2horizontes.com\/index.php?rest_route=%2Fwp%2Fv2%2Fmedia&parent=66902"}],"wp:term":[{"taxonomy":"category","embeddable":true,"href":"https:\/\/2horizontes.com\/index.php?rest_route=%2Fwp%2Fv2%2Fcategories&post=66902"},{"taxonomy":"post_tag","embeddable":true,"href":"https:\/\/2horizontes.com\/index.php?rest_route=%2Fwp%2Fv2%2Ftags&post=66902"}],"curies":[{"name":"wp","href":"https:\/\/api.w.org\/{rel}","templated":true}]}}