{"id":66899,"date":"2018-08-31T15:23:08","date_gmt":"2018-08-31T14:23:08","guid":{"rendered":"http:\/\/2horizontes.com\/?p=66899"},"modified":"2018-08-31T15:23:08","modified_gmt":"2018-08-31T14:23:08","slug":"el-coe-aumenta-a-19-provincias-en-alerta-por-lluvias-en-r-dominicana","status":"publish","type":"post","link":"https:\/\/2horizontes.com\/?p=66899","title":{"rendered":"El COE aumenta a 19 provincias en alerta por lluvias en R. Dominicana"},"content":{"rendered":"<div class=\"post_author\">\n<div class=\"buttons\" data-element=\"buttons\"><\/div>\n<\/div>\n<div class=\"entry-content\">\n<p><iframe loading=\"lazy\" src=\"https:\/\/www.youtube.com\/embed\/UXvGf_JC914?feature=oembed\" width=\"500\" height=\"281\" frameborder=\"0\" allowfullscreen=\"allowfullscreen\" data-mce-fragment=\"1\"><\/iframe><\/p>\n<p class=\"DETALLE_N_titulo \">SANTO DOMINGO (EFE).- El Centro de Operaciones de Emergencias (COE) aument\u00f3 de 12 a 19 las provincias en alerta por las lluvias que afectan varias zonas del pa\u00eds y que son provocadas por una vaguada y una onda tropical.<\/p>\n<div id=\"texto\" class=\"texto_txt\">\n<div class=\"DETALLE_N_texto \">\n<p><span id=\"ctl14_lblMostra\">San Crist\u00f3bal, Santo Domingo y Saman\u00e1 se encuentran en alerta amarilla (intermedia) mientras que en verde (m\u00ednima) figuran Hato Mayor, La Vega, Monse\u00f1or Nouel, Monte Plata, Mar\u00eda Trinidad S\u00e1nchez, San Pedro de Macor\u00eds, Espaillat, Duarte, S\u00e1nchez Ram\u00edrez, Hermanas Mirabal, El Seibo, La Altagracia, San Jos\u00e9 de Oca, La Romana, Barahona y San Juan.<\/span><\/p>\n<p>El organismo emiti\u00f3 la alerta por posibles inundaciones repentinas urbanas y rurales, crecidas de r\u00edos arroyos y ca\u00f1adas, as\u00ed como deslizamientos de tierra.<\/p>\n<p>La Oficina Nacional de Meteorolog\u00eda (Onamet) inform\u00f3 que las lluvias continuar\u00e1n en varias regiones.<\/p>\n<p>Para este viernes se espera que la onda tropical se aleje del pa\u00eds, no obstante, la humedad dejada por este fen\u00f3meno continuar\u00e1 aportando condiciones junto a la vaguada para que contin\u00faen produci\u00e9ndose aguaceros dispersos y tronadas en gran parte del pa\u00eds.<\/p>\n<p>Por otro lado, la Onamet explic\u00f3 que da seguimiento a una zona de aguaceros y tormentas el\u00e9ctricas, asociada a una amplia zona de baja presi\u00f3n entre las costas de \u00c1frica y las islas de Cabo Verde, que presenta una posibilidad de 60 % para desarrollarse como cicl\u00f3n tropical en las pr\u00f3ximas 48 horas.<\/p>\n<p>Debido al incremento significativo que se espera en las lluvias para las pr\u00f3ximas 24 a 72 horas, el organismo mantiene alerta ante posibles crecidas, desbordamientos de r\u00edos, arroyos y ca\u00f1adas, as\u00ed como deslizamientos de tierra en varias provincias.<\/p>\n<\/div>\n<\/div>\n<div class=\"addtoany_share_save_container addtoany_content_bottom\">\n<div class=\"addtoany_header\">Comparte:<\/div>\n<\/div>\n<\/div>\n","protected":false},"excerpt":{"rendered":"<p>SANTO DOMINGO (EFE).- El Centro de Operaciones de Emergencias (COE) aument\u00f3 de 12 a 19 las provincias en alerta por las lluvias que afectan varias zonas del pa\u00eds y que son provocadas por una vaguada y una onda tropical. San Crist\u00f3bal, Santo Domingo y Saman\u00e1 se encuentran en alerta amarilla (intermedia) mientras que en verde [&hellip;]<\/p>\n","protected":false},"author":4,"featured_media":66900,"comment_status":"open","ping_status":"open","sticky":false,"template":"","format":"video","meta":{"footnotes":""},"categories":[83,44],"tags":[],"class_list":["post-66899","post","type-post","status-publish","format-video","has-post-thumbnail","hentry","category-reportajes","category-republica-dominicana","post_format-post-format-video"],"_links":{"self":[{"href":"https:\/\/2horizontes.com\/index.php?rest_route=\/wp\/v2\/posts\/66899","targetHints":{"allow":["GET"]}}],"collection":[{"href":"https:\/\/2horizontes.com\/index.php?rest_route=\/wp\/v2\/posts"}],"about":[{"href":"https:\/\/2horizontes.com\/index.php?rest_route=\/wp\/v2\/types\/post"}],"author":[{"embeddable":true,"href":"https:\/\/2horizontes.com\/index.php?rest_route=\/wp\/v2\/users\/4"}],"replies":[{"embeddable":true,"href":"https:\/\/2horizontes.com\/index.php?rest_route=%2Fwp%2Fv2%2Fcomments&post=66899"}],"version-history":[{"count":1,"href":"https:\/\/2horizontes.com\/index.php?rest_route=\/wp\/v2\/posts\/66899\/revisions"}],"predecessor-version":[{"id":66901,"href":"https:\/\/2horizontes.com\/index.php?rest_route=\/wp\/v2\/posts\/66899\/revisions\/66901"}],"wp:featuredmedia":[{"embeddable":true,"href":"https:\/\/2horizontes.com\/index.php?rest_route=\/wp\/v2\/media\/66900"}],"wp:attachment":[{"href":"https:\/\/2horizontes.com\/index.php?rest_route=%2Fwp%2Fv2%2Fmedia&parent=66899"}],"wp:term":[{"taxonomy":"category","embeddable":true,"href":"https:\/\/2horizontes.com\/index.php?rest_route=%2Fwp%2Fv2%2Fcategories&post=66899"},{"taxonomy":"post_tag","embeddable":true,"href":"https:\/\/2horizontes.com\/index.php?rest_route=%2Fwp%2Fv2%2Ftags&post=66899"}],"curies":[{"name":"wp","href":"https:\/\/api.w.org\/{rel}","templated":true}]}}