{"id":6686,"date":"2015-05-12T00:53:10","date_gmt":"2015-05-11T23:53:10","guid":{"rendered":"http:\/\/2horizontes.com\/?p=6686"},"modified":"2015-05-12T00:53:10","modified_gmt":"2015-05-11T23:53:10","slug":"dan-inicio-a-semana-dominicana-en-ee-uu","status":"publish","type":"post","link":"https:\/\/2horizontes.com\/?p=6686","title":{"rendered":"Dan inicio a Semana Dominicana en EE.UU"},"content":{"rendered":"<p align=\"JUSTIFY\">WASHINGTON.- Fue inaugurada aqu\u00ed la Semana Dominicana en Estados Unidos (SemDomUSA), que organiza la C\u00e1mara Americana de Comercio de la Rep\u00fablica Dominicana (AMCHAMDR).<\/p>\n<p align=\"JUSTIFY\">La actividad se inici\u00f3 con el izamiento de la bandera, a las 8:00 de la ma\u00f1ana, en la residencia del embajador de la Rep\u00fablica Dominicana, Jos\u00e9 Tom\u00e1s P\u00e9rez.<\/p>\n<p align=\"JUSTIFY\">La iniciativa busca estrechar los lazos entre la Rep\u00fablica Dominicana y Estados Unidos e impulsar la imagen del pa\u00eds caribe\u00f1o ante su principal socio comercial.<\/p>\n<p align=\"JUSTIFY\">La ceremonia inaugural cont\u00f3 con la participaci\u00f3n del embajador de Estados Unidos en Rep\u00fablica Dominicana, James W. Brewster; su igual dominicano ante la OEA, Pedro Berg\u00e9s, y alrededor de 50 miembros de una delegaci\u00f3n que viaj\u00f3 desde Quisqueya.<\/p>\n<p align=\"JUSTIFY\">Gustavo Tavares, presidente de la AMCHAMDR, y Roberto Herrera, del Comit\u00e9 Organizador, pronunciaron las palabras inaugurales, tras lo cual el embajador P\u00e9rez explic\u00f3 los principales temas de la agenda bilateral.<\/p>\n<p align=\"JUSTIFY\">\u201cLas relaciones comerciales entre la Rep\u00fablica Dominicana y Estados Unidos representan uno de los pilares del comercio internacional nuestro\u201d, dijo.<\/p>\n<p align=\"JUSTIFY\">Afirm\u00f3 que \u201cesfuerzos como el de Semana Dominicana en Estados Unidos, de alguna manera, han servido para ayudar a recortar progresivamente el d\u00e9ficit de la balanza que tenemos, e incrementar y diversificar el espectro de nuestras exportaciones\u201d.<\/p>\n<p align=\"JUSTIFY\">Agreg\u00f3 que \u201cen nuestra agenda de trabajo es tema fundamental el seguimiento a la implementaci\u00f3n del DRCAFTA\u201d.<\/p>\n<p align=\"JUSTIFY\">\u201cAunque, hasta el momento, el impacto no ha sido el esperado en sus inicios, sabemos que en la medida en que nuestra econom\u00eda se haga competitiva iremos viendo el beneficio de esta estrategia\u201d, a\u00f1adi\u00f3.<\/p>\n<p align=\"JUSTIFY\">De su lado, Tavares centr\u00f3 su discurso en el comercio y la transformaci\u00f3n de la Rep\u00fablica Dominicana en \u201chub log\u00edstico regional y plataforma de manufactura\u201d.<\/p>\n<p align=\"JUSTIFY\">\u201cEs una concepci\u00f3n importante para el futuro de nuestra naci\u00f3n por el impacto que puede suponer convertirnos en el principal centro de operaciones de las mercanc\u00edas que transitan por nuestra \u00e1rea\u201d, apunt\u00f3.<\/p>\n<p align=\"JUSTIFY\">Afirm\u00f3 que \u201cpara lograr el objetivo, contemplado en la Ley de Estrategia Nacional de Desarrollo, es necesario adaptar nuestro marco legal a la realidad comercial del mundo de hoy, contar con personas preparadas en todas las facetas involucradas y enfrentar con responsabilidad los intereses que ahora mismo obstaculizan un mejor desempe\u00f1o de la Rep\u00fablica Dominicana en materia de facilitaci\u00f3n de comercio\u201d.<\/p>\n<p align=\"JUSTIFY\">El evento forma parte de la agenda de la XXIII edici\u00f3n de SemDomUSA, que lidera la AMCHAMDR y que contribuye cada a\u00f1o con el acercamiento entre ambas naciones y la elevaci\u00f3n de la imagen dominicana en el territorio de su principal socio comercial.<\/p>\n","protected":false},"excerpt":{"rendered":"<p>WASHINGTON.- Fue inaugurada aqu\u00ed la Semana Dominicana en Estados Unidos (SemDomUSA), que organiza la C\u00e1mara Americana de Comercio de la Rep\u00fablica Dominicana (AMCHAMDR). La actividad se inici\u00f3 con el izamiento de la bandera, a las 8:00 de la ma\u00f1ana, en la residencia del embajador de la Rep\u00fablica Dominicana, Jos\u00e9 Tom\u00e1s P\u00e9rez. La iniciativa busca estrechar [&hellip;]<\/p>\n","protected":false},"author":4,"featured_media":6687,"comment_status":"open","ping_status":"open","sticky":false,"template":"","format":"standard","meta":{"footnotes":""},"categories":[62,54],"tags":[],"class_list":["post-6686","post","type-post","status-publish","format-standard","has-post-thumbnail","hentry","category-cultura","category-emigrantes"],"_links":{"self":[{"href":"https:\/\/2horizontes.com\/index.php?rest_route=\/wp\/v2\/posts\/6686","targetHints":{"allow":["GET"]}}],"collection":[{"href":"https:\/\/2horizontes.com\/index.php?rest_route=\/wp\/v2\/posts"}],"about":[{"href":"https:\/\/2horizontes.com\/index.php?rest_route=\/wp\/v2\/types\/post"}],"author":[{"embeddable":true,"href":"https:\/\/2horizontes.com\/index.php?rest_route=\/wp\/v2\/users\/4"}],"replies":[{"embeddable":true,"href":"https:\/\/2horizontes.com\/index.php?rest_route=%2Fwp%2Fv2%2Fcomments&post=6686"}],"version-history":[{"count":1,"href":"https:\/\/2horizontes.com\/index.php?rest_route=\/wp\/v2\/posts\/6686\/revisions"}],"predecessor-version":[{"id":6688,"href":"https:\/\/2horizontes.com\/index.php?rest_route=\/wp\/v2\/posts\/6686\/revisions\/6688"}],"wp:featuredmedia":[{"embeddable":true,"href":"https:\/\/2horizontes.com\/index.php?rest_route=\/wp\/v2\/media\/6687"}],"wp:attachment":[{"href":"https:\/\/2horizontes.com\/index.php?rest_route=%2Fwp%2Fv2%2Fmedia&parent=6686"}],"wp:term":[{"taxonomy":"category","embeddable":true,"href":"https:\/\/2horizontes.com\/index.php?rest_route=%2Fwp%2Fv2%2Fcategories&post=6686"},{"taxonomy":"post_tag","embeddable":true,"href":"https:\/\/2horizontes.com\/index.php?rest_route=%2Fwp%2Fv2%2Ftags&post=6686"}],"curies":[{"name":"wp","href":"https:\/\/api.w.org\/{rel}","templated":true}]}}