{"id":66858,"date":"2018-08-29T15:21:15","date_gmt":"2018-08-29T14:21:15","guid":{"rendered":"http:\/\/2horizontes.com\/?p=66858"},"modified":"2018-08-29T15:21:15","modified_gmt":"2018-08-29T14:21:15","slug":"vietnam-inauguran-busto-del-fallecido-expresidente-juan-bosch","status":"publish","type":"post","link":"https:\/\/2horizontes.com\/?p=66858","title":{"rendered":"VIETNAM: Inauguran busto del fallecido expresidente Juan Bosch"},"content":{"rendered":"<p class=\"DETALLE_N_titulo \">SANTO DOMINGO (EFE).- El fallecido expresidente dominicano Juan Bosch, recibi\u00f3 hoy un homenaje en Hanoi, capital de Vietnam, donde se inaugur\u00f3 un busto en su honor, en un acto en el que estuvo presente el ministro dominicano para Pol\u00edticas de Integraci\u00f3n Regional, Miguel Mej\u00eda, inform\u00f3 la Presidencia.<\/p>\n<div id=\"texto\" class=\"texto_txt\">\n<div class=\"DETALLE_N_texto \">\n<p><span id=\"ctl14_lblMostra\">El funcionario dominicano, que est\u00e1 de visita en Vietnam como parte de periplo que realiza por Asia, mantuvo un encuentro con el secretario de la ciudad de Hanoi, Hoang Trung Hai, donde se manifest\u00f3 la mutua empat\u00eda entre ambos pa\u00edses, y el refuerzo de sus relaciones, indic\u00f3 la Presidencia en un comunicado.<\/span><\/p>\n<p>Durante el acto de homenaje celebrado en el Parque La Paz, se resalt\u00f3 la memoria y trayectoria de vida de Bosch como pensador, escritor y luchador de las causas libertarias de Rep\u00fablica Dominicana y los pa\u00edses de Am\u00e9rica Latina, y de la visi\u00f3n internacionalista de la que fue ejemplo en coyunturas dif\u00edciles.<\/p>\n<p>La nota destaca que Juan Bosch, l\u00edder advitam del oficialista Partido de la Liberaci\u00f3n Dominicana (PLD), es el \u00fanico latinoamericano al cual se le ha hecho un homenaje de este tipo en Vietnam, pa\u00eds por el que expres\u00f3 un temprano inter\u00e9s por su situaci\u00f3n y el alcance de sus luchas.<\/p>\n<p>En el acto, Tranh Than Man, miembro del Secretariado del Comit\u00e9 Central del Partido Comunista y presidente del Frente de la Patria de la Rep\u00fablica Socialista de Vietnam, destac\u00f3 que el homenaje a Bosch fortalece los lazos de los dos pa\u00edses.<\/p>\n<p>\u201cEs un s\u00edmbolo de la lucha por la democracia que goz\u00f3 del respeto y la admiraci\u00f3n del pueblo dominicano y de Latinoam\u00e9rica. Nuestros pa\u00edses tienen un v\u00ednculo de emoci\u00f3n. Nuestra amistad hoy se fortalece\u201d, apostill\u00f3.<\/p>\n<p>De su lado, Miguel Mej\u00eda destac\u00f3 que \u201choy ambas partes damos un paso m\u00e1s de avance en el fortalecimiento de las relaciones entre nuestros dos pueblos\u201d.<\/p>\n<p>Record\u00f3 que Rep\u00fablica Dominicana tiene una plaza y un busto inaugurado en el 2013 en Santo Domingo Este en honor al l\u00edder vietnamita Ho-Chi Minh, de quien dijo \u201ces una figura de trascendencia universal, cuyo ejemplo y legado de lucha por la libertad, la humildad, humanismo y solidaridad motivan hoy y siempre\u201d.<\/p>\n<p>Mej\u00eda encabeza una misi\u00f3n que realiza periplo de varias semanas y que, tras su paso por Vietnam, visitar\u00e1 la Rep\u00fablica Popular de China, que se extender\u00e1 hacia la Rep\u00fablica Popular Democr\u00e1tica de Corea para consolidar las relaciones con pujantes naciones de Asia.<\/p>\n<p>El recorrido se produce tras el reciente establecimiento de relaciones diplom\u00e1ticas con la Rep\u00fablica Popular de China, lo que da apertura a un importante intercambio comercial, social, hist\u00f3rico y cultural.<\/p>\n<\/div>\n<\/div>\n","protected":false},"excerpt":{"rendered":"<p>SANTO DOMINGO (EFE).- El fallecido expresidente dominicano Juan Bosch, recibi\u00f3 hoy un homenaje en Hanoi, capital de Vietnam, donde se inaugur\u00f3 un busto en su honor, en un acto en el que estuvo presente el ministro dominicano para Pol\u00edticas de Integraci\u00f3n Regional, Miguel Mej\u00eda, inform\u00f3 la Presidencia. El funcionario dominicano, que est\u00e1 de visita en [&hellip;]<\/p>\n","protected":false},"author":4,"featured_media":66859,"comment_status":"open","ping_status":"open","sticky":false,"template":"","format":"standard","meta":{"footnotes":""},"categories":[62,43,83,44],"tags":[],"class_list":["post-66858","post","type-post","status-publish","format-standard","has-post-thumbnail","hentry","category-cultura","category-politica","category-reportajes","category-republica-dominicana"],"_links":{"self":[{"href":"https:\/\/2horizontes.com\/index.php?rest_route=\/wp\/v2\/posts\/66858","targetHints":{"allow":["GET"]}}],"collection":[{"href":"https:\/\/2horizontes.com\/index.php?rest_route=\/wp\/v2\/posts"}],"about":[{"href":"https:\/\/2horizontes.com\/index.php?rest_route=\/wp\/v2\/types\/post"}],"author":[{"embeddable":true,"href":"https:\/\/2horizontes.com\/index.php?rest_route=\/wp\/v2\/users\/4"}],"replies":[{"embeddable":true,"href":"https:\/\/2horizontes.com\/index.php?rest_route=%2Fwp%2Fv2%2Fcomments&post=66858"}],"version-history":[{"count":1,"href":"https:\/\/2horizontes.com\/index.php?rest_route=\/wp\/v2\/posts\/66858\/revisions"}],"predecessor-version":[{"id":66860,"href":"https:\/\/2horizontes.com\/index.php?rest_route=\/wp\/v2\/posts\/66858\/revisions\/66860"}],"wp:featuredmedia":[{"embeddable":true,"href":"https:\/\/2horizontes.com\/index.php?rest_route=\/wp\/v2\/media\/66859"}],"wp:attachment":[{"href":"https:\/\/2horizontes.com\/index.php?rest_route=%2Fwp%2Fv2%2Fmedia&parent=66858"}],"wp:term":[{"taxonomy":"category","embeddable":true,"href":"https:\/\/2horizontes.com\/index.php?rest_route=%2Fwp%2Fv2%2Fcategories&post=66858"},{"taxonomy":"post_tag","embeddable":true,"href":"https:\/\/2horizontes.com\/index.php?rest_route=%2Fwp%2Fv2%2Ftags&post=66858"}],"curies":[{"name":"wp","href":"https:\/\/api.w.org\/{rel}","templated":true}]}}