{"id":66834,"date":"2018-08-28T16:51:36","date_gmt":"2018-08-28T15:51:36","guid":{"rendered":"http:\/\/2horizontes.com\/?p=66834"},"modified":"2018-08-28T16:53:11","modified_gmt":"2018-08-28T15:53:11","slug":"se-inscriben-203-mil-personas-en-el-plan-de-regularizacion-extranjeros","status":"publish","type":"post","link":"https:\/\/2horizontes.com\/?p=66834","title":{"rendered":"Se inscriben 203 mil personas en el Plan de Regularizaci\u00f3n Extranjeros"},"content":{"rendered":"<p>SANTO DOMINGO.- El Plan Nacional de Regularizaci\u00f3n de Extranjeros concluy\u00f3 con 203 mil personas oriundas de otros pa\u00edses interesadas en legalizar su estad\u00eda en la Rep\u00fablica Dominicana.<\/p>\n<p>El titular de Extranjer\u00eda de la Direcci\u00f3n General de Migraci\u00f3n, Rafael N\u00fa\u00f1ez Veloz, dijo sin embargo, que ser\u00e1 a finales de septiembre cuando las autoridades dar\u00e1n a conocer las cifras exactas en este sentido.<\/p>\n<p>Dijo que el siguiente paso de dicho plan ser\u00e1 la entrega de carnet, en un proceso que se extender\u00e1 hasta el 10 de octubre.<\/p>\n<p>De su lado, las entidades denominadas Mesa Nacional para las Migraciones\u00a0 y Refugiados en la Rep\u00fablica Dominicana reconocieron el esfuerzo de las autoridades para implementar el Plan Nacional de Regularizaci\u00f3n y el avance de la gesti\u00f3n de gobernanza migratoria en el pa\u00eds.<\/p>\n<p>of-am-sp<\/p>\n","protected":false},"excerpt":{"rendered":"<p>SANTO DOMINGO.- El Plan Nacional de Regularizaci\u00f3n de Extranjeros concluy\u00f3 con 203 mil personas oriundas de otros pa\u00edses interesadas en legalizar su estad\u00eda en la Rep\u00fablica Dominicana. El titular de Extranjer\u00eda de la Direcci\u00f3n General de Migraci\u00f3n, Rafael N\u00fa\u00f1ez Veloz, dijo sin embargo, que ser\u00e1 a finales de septiembre cuando las autoridades dar\u00e1n a conocer [&hellip;]<\/p>\n","protected":false},"author":4,"featured_media":66836,"comment_status":"open","ping_status":"open","sticky":false,"template":"","format":"standard","meta":{"footnotes":""},"categories":[54,47,43,44],"tags":[],"class_list":["post-66834","post","type-post","status-publish","format-standard","has-post-thumbnail","hentry","category-emigrantes","category-haiti","category-politica","category-republica-dominicana"],"_links":{"self":[{"href":"https:\/\/2horizontes.com\/index.php?rest_route=\/wp\/v2\/posts\/66834","targetHints":{"allow":["GET"]}}],"collection":[{"href":"https:\/\/2horizontes.com\/index.php?rest_route=\/wp\/v2\/posts"}],"about":[{"href":"https:\/\/2horizontes.com\/index.php?rest_route=\/wp\/v2\/types\/post"}],"author":[{"embeddable":true,"href":"https:\/\/2horizontes.com\/index.php?rest_route=\/wp\/v2\/users\/4"}],"replies":[{"embeddable":true,"href":"https:\/\/2horizontes.com\/index.php?rest_route=%2Fwp%2Fv2%2Fcomments&post=66834"}],"version-history":[{"count":1,"href":"https:\/\/2horizontes.com\/index.php?rest_route=\/wp\/v2\/posts\/66834\/revisions"}],"predecessor-version":[{"id":66835,"href":"https:\/\/2horizontes.com\/index.php?rest_route=\/wp\/v2\/posts\/66834\/revisions\/66835"}],"wp:featuredmedia":[{"embeddable":true,"href":"https:\/\/2horizontes.com\/index.php?rest_route=\/wp\/v2\/media\/66836"}],"wp:attachment":[{"href":"https:\/\/2horizontes.com\/index.php?rest_route=%2Fwp%2Fv2%2Fmedia&parent=66834"}],"wp:term":[{"taxonomy":"category","embeddable":true,"href":"https:\/\/2horizontes.com\/index.php?rest_route=%2Fwp%2Fv2%2Fcategories&post=66834"},{"taxonomy":"post_tag","embeddable":true,"href":"https:\/\/2horizontes.com\/index.php?rest_route=%2Fwp%2Fv2%2Ftags&post=66834"}],"curies":[{"name":"wp","href":"https:\/\/api.w.org\/{rel}","templated":true}]}}