{"id":66768,"date":"2018-08-18T11:47:07","date_gmt":"2018-08-18T10:47:07","guid":{"rendered":"http:\/\/2horizontes.com\/?p=66768"},"modified":"2018-08-18T11:47:07","modified_gmt":"2018-08-18T10:47:07","slug":"prm-dice-sera-guardian-constitucion-para-evitar-reeleccion-danilo-medina","status":"publish","type":"post","link":"https:\/\/2horizontes.com\/?p=66768","title":{"rendered":"PRM dice ser\u00e1 guardi\u00e1n Constituci\u00f3n para evitar reelecci\u00f3n Danilo Medina"},"content":{"rendered":"<p>SANTO DOMINGO, Rep\u00fablica Dominicana.- El PRM\u00a0se constituir\u00e1 en guardi\u00e1n de la Constituci\u00f3n de la Rep\u00fablica para evitar que sea reformada con el \u00fanico objetivo de abrirle paso a la repostulaci\u00f3n del presidente Danilo Medina, con miras a las elecciones del 2020.<\/p>\n<p>El presidente del PRM, Jos\u00e9 Ignacio Paliza, dijo este viernes que la reelecci\u00f3n est\u00e1 prohibida en la Carta Magna y que es imperativo respetar ese mandato.<\/p>\n<p>\u201cLo prohibido, prohibido est\u00e1. Ese no es un tema que merece discusi\u00f3n\u201d, precis\u00f3 el alto dirigente pol\u00edtico en entrevista period\u00edstica.<\/p>\n<p>Dijo que el partido opositor ser\u00e1 guardi\u00e1n de ese documento que recoge la identidad de los dominicanos, \u201cy que hay que respetar\u201d.<\/p>\n<p>Paliza se refiri\u00f3 as\u00ed a declaraciones del secretario general del PLD, Reinaldo Pared P\u00e9rez, de que miembros de esa organizaci\u00f3n apoyan modificar la Constituci\u00f3n para eliminar el \u201cnunca jam\u00e1s\u201d, que proh\u00edbe al jefe del Estado volver a aspirar a la presidencia y la vicepresidencia.<\/p>\n<p>\u201cHay compa\u00f1eros que son partidarios de eso\u201d, dijo Pered P\u00e9rez a periodistas el jueves, refiri\u00e9ndose a la reforma de la Carta Magna.<\/p>\n<p>El presidente del PRM consider\u00f3 que no tiene sentido una reelecci\u00f3n del PLD en el Gobierno, que lleva 18 a\u00f1os en el Poder, y que sus gestiones no han resuelto los problemas fundamentales del pa\u00eds.<\/p>\n<p>\u201cPara qu\u00e9 reelegir al PLD, si en los \u00faltimos 22 a\u00f1os ha gobernado 18 y los problemas nacionales siguen sin resolverse\u201d, se pregunt\u00f3 Paliza.<\/p>\n","protected":false},"excerpt":{"rendered":"<p>SANTO DOMINGO, Rep\u00fablica Dominicana.- El PRM\u00a0se constituir\u00e1 en guardi\u00e1n de la Constituci\u00f3n de la Rep\u00fablica para evitar que sea reformada con el \u00fanico objetivo de abrirle paso a la repostulaci\u00f3n del presidente Danilo Medina, con miras a las elecciones del 2020. El presidente del PRM, Jos\u00e9 Ignacio Paliza, dijo este viernes que la reelecci\u00f3n est\u00e1 [&hellip;]<\/p>\n","protected":false},"author":1,"featured_media":66769,"comment_status":"open","ping_status":"open","sticky":false,"template":"","format":"standard","meta":{"footnotes":""},"categories":[43,44],"tags":[],"class_list":["post-66768","post","type-post","status-publish","format-standard","has-post-thumbnail","hentry","category-politica","category-republica-dominicana"],"_links":{"self":[{"href":"https:\/\/2horizontes.com\/index.php?rest_route=\/wp\/v2\/posts\/66768","targetHints":{"allow":["GET"]}}],"collection":[{"href":"https:\/\/2horizontes.com\/index.php?rest_route=\/wp\/v2\/posts"}],"about":[{"href":"https:\/\/2horizontes.com\/index.php?rest_route=\/wp\/v2\/types\/post"}],"author":[{"embeddable":true,"href":"https:\/\/2horizontes.com\/index.php?rest_route=\/wp\/v2\/users\/1"}],"replies":[{"embeddable":true,"href":"https:\/\/2horizontes.com\/index.php?rest_route=%2Fwp%2Fv2%2Fcomments&post=66768"}],"version-history":[{"count":1,"href":"https:\/\/2horizontes.com\/index.php?rest_route=\/wp\/v2\/posts\/66768\/revisions"}],"predecessor-version":[{"id":66770,"href":"https:\/\/2horizontes.com\/index.php?rest_route=\/wp\/v2\/posts\/66768\/revisions\/66770"}],"wp:featuredmedia":[{"embeddable":true,"href":"https:\/\/2horizontes.com\/index.php?rest_route=\/wp\/v2\/media\/66769"}],"wp:attachment":[{"href":"https:\/\/2horizontes.com\/index.php?rest_route=%2Fwp%2Fv2%2Fmedia&parent=66768"}],"wp:term":[{"taxonomy":"category","embeddable":true,"href":"https:\/\/2horizontes.com\/index.php?rest_route=%2Fwp%2Fv2%2Fcategories&post=66768"},{"taxonomy":"post_tag","embeddable":true,"href":"https:\/\/2horizontes.com\/index.php?rest_route=%2Fwp%2Fv2%2Ftags&post=66768"}],"curies":[{"name":"wp","href":"https:\/\/api.w.org\/{rel}","templated":true}]}}