{"id":66759,"date":"2018-08-18T10:49:59","date_gmt":"2018-08-18T09:49:59","guid":{"rendered":"http:\/\/2horizontes.com\/?p=66759"},"modified":"2018-08-18T10:49:59","modified_gmt":"2018-08-18T09:49:59","slug":"metro-cierra-gran-via-hasta-abril-para-remodelar-la-estacion-y-retirar-el-amianto","status":"publish","type":"post","link":"https:\/\/2horizontes.com\/?p=66759","title":{"rendered":"Metro cierra Gran V\u00eda hasta abril para remodelar la estaci\u00f3n y retirar el amianto"},"content":{"rendered":"<h2 class=\"articulo-subtitulo\">Del 22 al 29 de agosto la circulaci\u00f3n de la l\u00ednea 1 quedar\u00e1 adem\u00e1s interrumpida en esa parada durante la retirada del asbesto<\/h2>\n<p>&nbsp;<\/p>\n<div class=\"articulo__apertura\">\n<div class=\"articulo-apertura \">\n<div id=\"articulo-introduccion\" class=\"articulo-introduccion\">\n<p><strong>Metro de Madrid<\/strong>\u00a0comenzar\u00e1 este lunes las obras de remodelaci\u00f3n de la estaci\u00f3n de Gran V\u00eda \u2014en la que confluyen las l\u00edneas 1 y 2\u2014, entre las que se incluyen las obras de retirada de los restos de amianto. Las obras comenzar\u00e1n el 20 de agosto y se alargar\u00e1n hasta el pr\u00f3ximo 13 de abril, periodo en el que los trenes no parar\u00e1n en dicha estaci\u00f3n. Los trabajos de extracci\u00f3n del amianto se llevar\u00e1n a cabo entre el 22 y 29 de agosto, d\u00edas en los que el tramo de la l\u00ednea 1 que une Tribunal con Sol permanecer\u00e1 cerrado.<\/p>\n<\/div>\n<\/div>\n<\/div>\n<div id=\"articulo_contenedor\" class=\"articulo__contenedor\">\n<div id=\"cuerpo_noticia\" class=\"articulo-cuerpo\">\n<p>Durante las tareas de desamiantamiento, los trenes de la l\u00ednea 1 circular\u00e1n desde la estaci\u00f3n de Pinar de Chamart\u00edn hasta Tribunal, donde los viajeros tendr\u00e1n que desalojar los convoyes. En sentido inverso, desde Valdecarros, la l\u00ednea azul finalizar\u00e1 su trayecto en Sol. Salvo el tiempo que ocupen las obras de retirada de asbesto, los trenes seguir\u00e1n pasado por la estaci\u00f3n, pero no efectuar\u00e1n parada en ella. Como alternativa, los usuarios tienen la posibilidad de utilizar las estaciones de Tribunal y Sol (para la l\u00ednea 1) y Chueca y Callao (para la l\u00ednea 5), las paradas m\u00e1s pr\u00f3ximas a la Gran V\u00eda.<\/p>\n<section id=\"sumario_1|apoyos\" class=\"sumario_apoyos derecha\">\n<div class=\"sumario__interior\">\n<div class=\"sumario-texto\">\n<div class=\"apoyos\">\n<p>&nbsp;<\/p>\n<\/div>\n<\/div>\n<\/div>\n<\/section>\n<div id=\"elpais_gpt-INTEXT\" data-google-query-id=\"CJft2vWo9twCFdZFGwodZswApg\">\n<div id=\"google_ads_iframe_\/7811748\/elpais_web\/ccaa\/intext_0__container__\"><iframe id=\"google_ads_iframe_\/7811748\/elpais_web\/ccaa\/intext_0\" title=\"3rd party ad content\" name=\"google_ads_iframe_\/7811748\/elpais_web\/ccaa\/intext_0\" width=\"1\" height=\"1\" frameborder=\"0\" marginwidth=\"0\" marginheight=\"0\" scrolling=\"no\" data-mce-fragment=\"1\"><\/iframe>Las piezas que contienen este material t\u00f3xico se encuentran ubicadas en los cuartos de alta y baja tensi\u00f3n y las b\u00f3vedas de los andenes, seg\u00fan detall\u00f3 ayer la empresa p\u00fablica de transporte. No obstante, Metro de Madrid no especific\u00f3 las cantidades de amianto que ser\u00e1n retiradas. \u201cEl procedimiento ser\u00e1 similar al resto de obras de remodelaci\u00f3n y el objetivo es que los trenes puedan circular cuanto antes\u201d, detall\u00f3 una portavoz de Metro de Madrid.<\/div>\n<\/div>\n<p>El resto de obras de remodelaci\u00f3n incluye la incorporaci\u00f3n de seis nuevos tramos de escaleras mec\u00e1nicas \u2014actualmente existen nueve\u2014 y la instalaci\u00f3n de cuatro ascensores nuevos que conectar\u00e1n el vest\u00edbulo con los andenes de las l\u00edneas 1 y 5, con el pasillo de conexi\u00f3n, con el servicio de cercan\u00edas y con la calle. Adem\u00e1s, se recuperar\u00e1 un templete como el dise\u00f1ado por Antonio Palacios, arquitecto del primer trazado del suburbano. Estos trabajos se enmarcan dentro del proyecto que Metro est\u00e1 llevando a cabo\u00a0para ampliar el vest\u00edbulo de Gran V\u00eda y conectar la estaci\u00f3n a la red de trenes de Cercan\u00edas a trav\u00e9s de la estaci\u00f3n de Sol.<\/p>\n<p>Durante este verano, tambi\u00e9n se retirar\u00e1 el asbesto localizado en las estaciones de metro de Sevilla (l\u00ednea 2), Pr\u00edncipe de Vergara (l\u00ednea 2 y 9) y Pavones (l\u00ednea 9). Estas retiradas forman parte del Plan de Desamiantado que el Gobierno de Comunidad de Madrid puso en marcha despu\u00e9s de los avisos que denunciaban la presencia de este material cancer\u00edgeno en antiguas estructuras de las estaciones y en parte de la maquinaria. El Gobierno regional anunci\u00f3 que invertir\u00e1 140 millones hasta 2025 para eliminar cualquier rastro de amianto de todas las instalaciones de la red de Metro.<\/p>\n<h3>Clausurada la l\u00ednea 9<\/h3>\n<p>Este lunes tambi\u00e9n arrancar\u00e1\u00a0la cuarta fase de las obras de remodelaci\u00f3n de la l\u00ednea 9, entre las estaciones de Arganda del Rey y Estrella. Est\u00e1 previsto que los trabajos se alarguen hasta el d\u00eda 26 de agosto, periodo en el que permanecer\u00e1 cerrado dicho tramo. El trayecto entre Sainz de Baranda y Avenida de Am\u00e9rica, que lleva en obras desde el 11 de agosto, volver\u00e1 a reabrirse el lunes.<\/p>\n<p>La Comunidad de Madrid ofrecer\u00e1 un servicio adicional de autobuses para subsanar los cierres. Durante la \u00faltima y quinta fase \u2014entre el 27 de agosto y el 1 de septiembre\u2014 los cortes se reducir\u00e1n entre Arganda del Rey y San Cipriano. El d\u00eda 2 de septiembre, previsiblemente, todas las estaciones de la l\u00ednea 9 volver\u00e1n a la normalidad.<\/p>\n<\/div>\n<\/div>\n","protected":false},"excerpt":{"rendered":"<p>Del 22 al 29 de agosto la circulaci\u00f3n de la l\u00ednea 1 quedar\u00e1 adem\u00e1s interrumpida en esa parada durante la retirada del asbesto &nbsp; Metro de Madrid\u00a0comenzar\u00e1 este lunes las obras de remodelaci\u00f3n de la estaci\u00f3n de Gran V\u00eda \u2014en la que confluyen las l\u00edneas 1 y 2\u2014, entre las que se incluyen las obras [&hellip;]<\/p>\n","protected":false},"author":1,"featured_media":66760,"comment_status":"open","ping_status":"open","sticky":false,"template":"","format":"standard","meta":{"footnotes":""},"categories":[85],"tags":[],"class_list":["post-66759","post","type-post","status-publish","format-standard","has-post-thumbnail","hentry","category-espana"],"_links":{"self":[{"href":"https:\/\/2horizontes.com\/index.php?rest_route=\/wp\/v2\/posts\/66759","targetHints":{"allow":["GET"]}}],"collection":[{"href":"https:\/\/2horizontes.com\/index.php?rest_route=\/wp\/v2\/posts"}],"about":[{"href":"https:\/\/2horizontes.com\/index.php?rest_route=\/wp\/v2\/types\/post"}],"author":[{"embeddable":true,"href":"https:\/\/2horizontes.com\/index.php?rest_route=\/wp\/v2\/users\/1"}],"replies":[{"embeddable":true,"href":"https:\/\/2horizontes.com\/index.php?rest_route=%2Fwp%2Fv2%2Fcomments&post=66759"}],"version-history":[{"count":1,"href":"https:\/\/2horizontes.com\/index.php?rest_route=\/wp\/v2\/posts\/66759\/revisions"}],"predecessor-version":[{"id":66761,"href":"https:\/\/2horizontes.com\/index.php?rest_route=\/wp\/v2\/posts\/66759\/revisions\/66761"}],"wp:featuredmedia":[{"embeddable":true,"href":"https:\/\/2horizontes.com\/index.php?rest_route=\/wp\/v2\/media\/66760"}],"wp:attachment":[{"href":"https:\/\/2horizontes.com\/index.php?rest_route=%2Fwp%2Fv2%2Fmedia&parent=66759"}],"wp:term":[{"taxonomy":"category","embeddable":true,"href":"https:\/\/2horizontes.com\/index.php?rest_route=%2Fwp%2Fv2%2Fcategories&post=66759"},{"taxonomy":"post_tag","embeddable":true,"href":"https:\/\/2horizontes.com\/index.php?rest_route=%2Fwp%2Fv2%2Ftags&post=66759"}],"curies":[{"name":"wp","href":"https:\/\/api.w.org\/{rel}","templated":true}]}}