{"id":66744,"date":"2018-08-16T18:59:48","date_gmt":"2018-08-16T17:59:48","guid":{"rendered":"http:\/\/2horizontes.com\/?p=66744"},"modified":"2018-08-16T18:59:48","modified_gmt":"2018-08-16T17:59:48","slug":"p-rico-guardia-costera-busca-a-tres-dominicanos-desaparecidos","status":"publish","type":"post","link":"https:\/\/2horizontes.com\/?p=66744","title":{"rendered":"P.RICO: Guardia Costera busca a tres dominicanos desaparecidos"},"content":{"rendered":"<p class=\"DETALLE_N_titulo \">San Juan, 15 ago.- La Guardia Costera en Puerto Rico busca a tres inmigrantes ilegales dominicanos desaparecidos a bordo de un barco que trasladaba a otros 22 a menos de dos millas (unos tres kil\u00f3metros) de Rinc\u00f3n, en el oeste de la isla.<\/p>\n<div id=\"texto\" class=\"texto_txt\">\n<div class=\"DETALLE_N_texto \">\n<p><span id=\"ctl14_lblMostra\">En un comunicado difundido hoy, dicho cuerpo de vigilancia indic\u00f3 que la b\u00fasqueda se ha coordinado junta a otras agencias locales.<\/span><\/p>\n<p>Los tres dominicanos fueron vistos por \u00faltima vez hoy a las 07.00 hora local (11.00 GMT) a bordo del barco patrullero Richard Dixon de la Guardia Costera, agreg\u00f3 la citada fuente.<\/p>\n<p>La desaparici\u00f3n fue notificada 25 minutos despu\u00e9s, momento tras el cual se activ\u00f3 la b\u00fasqueda.<\/p>\n<p>La operaci\u00f3n est\u00e1 siendo apoyada, entre otros, por un helic\u00f3ptero de la estaci\u00f3n a\u00e9rea Borinquen (Puerto Rico) y un avi\u00f3n H\u00e9rcules de otra estaci\u00f3n en Florida (EE.UU).<\/p>\n<p>Todos los inmigrantes hab\u00edan sido interceptados en alta mar en el Paso de Mona el lunes, donde hab\u00edan recibido comida, atenci\u00f3n m\u00e9dica b\u00e1sica y agua.<\/p>\n<p>\u201cEstamos trabajando diligentemente para localizar a las personas desaparecidas. Instamos a la ciudadan\u00eda, especialmente a otros barcos que est\u00e9n atentos e informen si ven algo a la Guardia Costera en San Juan\u201d, dijo en un comunicado el capit\u00e1n Eric King, comandante de dicho cuerpo en el sector de San Juan.<\/p>\n<p>of-am<\/p>\n<\/div>\n<\/div>\n","protected":false},"excerpt":{"rendered":"<p>San Juan, 15 ago.- La Guardia Costera en Puerto Rico busca a tres inmigrantes ilegales dominicanos desaparecidos a bordo de un barco que trasladaba a otros 22 a menos de dos millas (unos tres kil\u00f3metros) de Rinc\u00f3n, en el oeste de la isla. En un comunicado difundido hoy, dicho cuerpo de vigilancia indic\u00f3 que la [&hellip;]<\/p>\n","protected":false},"author":1,"featured_media":66745,"comment_status":"open","ping_status":"open","sticky":false,"template":"","format":"standard","meta":{"footnotes":""},"categories":[54],"tags":[],"class_list":["post-66744","post","type-post","status-publish","format-standard","has-post-thumbnail","hentry","category-emigrantes"],"_links":{"self":[{"href":"https:\/\/2horizontes.com\/index.php?rest_route=\/wp\/v2\/posts\/66744","targetHints":{"allow":["GET"]}}],"collection":[{"href":"https:\/\/2horizontes.com\/index.php?rest_route=\/wp\/v2\/posts"}],"about":[{"href":"https:\/\/2horizontes.com\/index.php?rest_route=\/wp\/v2\/types\/post"}],"author":[{"embeddable":true,"href":"https:\/\/2horizontes.com\/index.php?rest_route=\/wp\/v2\/users\/1"}],"replies":[{"embeddable":true,"href":"https:\/\/2horizontes.com\/index.php?rest_route=%2Fwp%2Fv2%2Fcomments&post=66744"}],"version-history":[{"count":1,"href":"https:\/\/2horizontes.com\/index.php?rest_route=\/wp\/v2\/posts\/66744\/revisions"}],"predecessor-version":[{"id":66746,"href":"https:\/\/2horizontes.com\/index.php?rest_route=\/wp\/v2\/posts\/66744\/revisions\/66746"}],"wp:featuredmedia":[{"embeddable":true,"href":"https:\/\/2horizontes.com\/index.php?rest_route=\/wp\/v2\/media\/66745"}],"wp:attachment":[{"href":"https:\/\/2horizontes.com\/index.php?rest_route=%2Fwp%2Fv2%2Fmedia&parent=66744"}],"wp:term":[{"taxonomy":"category","embeddable":true,"href":"https:\/\/2horizontes.com\/index.php?rest_route=%2Fwp%2Fv2%2Fcategories&post=66744"},{"taxonomy":"post_tag","embeddable":true,"href":"https:\/\/2horizontes.com\/index.php?rest_route=%2Fwp%2Fv2%2Ftags&post=66744"}],"curies":[{"name":"wp","href":"https:\/\/api.w.org\/{rel}","templated":true}]}}