{"id":66735,"date":"2018-08-16T18:41:56","date_gmt":"2018-08-16T17:41:56","guid":{"rendered":"http:\/\/2horizontes.com\/?p=66735"},"modified":"2018-08-16T18:41:56","modified_gmt":"2018-08-16T17:41:56","slug":"danilo-medina-insta-seguir-ejemplo-de-los-proceres-de-la-restauracion","status":"publish","type":"post","link":"https:\/\/2horizontes.com\/?p=66735","title":{"rendered":"Danilo Medina insta seguir ejemplo de los pr\u00f3ceres de la Restauraci\u00f3n"},"content":{"rendered":"<p class=\"DETALLE_N_titulo \">Santo Domingo.- El presidente de la Rep\u00fablica, Danilo Medina, lanz\u00f3 un mensaje \u201ccargado de fervor patri\u00f3tico, orgullo y admiraci\u00f3n a los h\u00e9roes de la Restauraci\u00f3n\u201d, con motivo de celebrarse este jueves el 155 aniversario de la contienda para recuperar la independencia quebrantada por la anexi\u00f3n a Espa\u00f1a.<\/p>\n<div id=\"texto\" class=\"texto_txt\">\n<div class=\"DETALLE_N_texto \">\n<p><span id=\"ctl14_lblMostra\">\u201cQue el vibrante ejemplo de los pr\u00f3ceres de la Restauraci\u00f3n nos estimule a seguir trabajando unidos, para enfrentar y superar los retos del presente y asegurar el mejor porvenir para la Patria que so\u00f1aron Duarte, S\u00e1nchez y Mella\u201d, dijo el presidente, inform\u00f3 la Presidencia en un comunicado.<\/span><\/p>\n<p>Medina afirm\u00f3 que \u201cla Guerra de la Restauraci\u00f3n es una de las efem\u00e9rides m\u00e1s trascendentales de nuestra historia, iniciada con el Grito de Capotillo y transform\u00e1ndose en epopeya memorable aquel 16 de agosto de 1863\u201d.<\/p>\n<p>En este nuevo aniversario, el mandatario renov\u00f3 su respeto a la memoria de Gregorio Luper\u00f3n, Benigno Filomeno Rojas, Jos\u00e9 Cabrera, Benito Monci\u00f3n, Pepillo Salcedo, Gaspar Polanco, Pedro A. Pimentel, Ulises Francisco Espaillat, Pedro Francisco Bon\u00f3, Juan Suero, El Cid Negro, y Manuel Rodr\u00edguez Obj\u00edo.<\/p>\n<p>El presidente de la Rep\u00fablica tambi\u00e9n honr\u00f3 la memoria de los h\u00e9roes an\u00f3nimos que dieron sus vidas con amor patri\u00f3tico.<\/p>\n<p>Medina se\u00f1al\u00f3 que \u201cTantos fueron los desafueros cometidos por los nuevos amos surgidos de la oprobiosa anexi\u00f3n, que un profundo malestar anid\u00f3 en el seno de nuestro poblaci\u00f3n, integr\u00e1ndose un movimiento pol\u00edtico y social que unific\u00f3 a todas las clases sociales de la \u00e9poca con el \u00fanico objetivo de rescatar la libertad proclamada el 27 de febrero de 1844\u201d.<\/p>\n<p>\u201cAs\u00ed quedaron reivindicados los principios liberales y democr\u00e1ticos enarbolados por Juan Pablo Duarte y Los Trinitarios, fortaleci\u00e9ndose, al mismo tiempo, la fe de los dominicanos en nuestro capacidad para la autodeterminaci\u00f3n y la defensa de nuestro soberan\u00eda\u201d, finaliza el mensaje.<\/p>\n<p>of-am<\/p>\n<\/div>\n<\/div>\n","protected":false},"excerpt":{"rendered":"<p>Santo Domingo.- El presidente de la Rep\u00fablica, Danilo Medina, lanz\u00f3 un mensaje \u201ccargado de fervor patri\u00f3tico, orgullo y admiraci\u00f3n a los h\u00e9roes de la Restauraci\u00f3n\u201d, con motivo de celebrarse este jueves el 155 aniversario de la contienda para recuperar la independencia quebrantada por la anexi\u00f3n a Espa\u00f1a. \u201cQue el vibrante ejemplo de los pr\u00f3ceres de [&hellip;]<\/p>\n","protected":false},"author":1,"featured_media":66736,"comment_status":"open","ping_status":"open","sticky":false,"template":"","format":"standard","meta":{"footnotes":""},"categories":[43,44],"tags":[],"class_list":["post-66735","post","type-post","status-publish","format-standard","has-post-thumbnail","hentry","category-politica","category-republica-dominicana"],"_links":{"self":[{"href":"https:\/\/2horizontes.com\/index.php?rest_route=\/wp\/v2\/posts\/66735","targetHints":{"allow":["GET"]}}],"collection":[{"href":"https:\/\/2horizontes.com\/index.php?rest_route=\/wp\/v2\/posts"}],"about":[{"href":"https:\/\/2horizontes.com\/index.php?rest_route=\/wp\/v2\/types\/post"}],"author":[{"embeddable":true,"href":"https:\/\/2horizontes.com\/index.php?rest_route=\/wp\/v2\/users\/1"}],"replies":[{"embeddable":true,"href":"https:\/\/2horizontes.com\/index.php?rest_route=%2Fwp%2Fv2%2Fcomments&post=66735"}],"version-history":[{"count":1,"href":"https:\/\/2horizontes.com\/index.php?rest_route=\/wp\/v2\/posts\/66735\/revisions"}],"predecessor-version":[{"id":66737,"href":"https:\/\/2horizontes.com\/index.php?rest_route=\/wp\/v2\/posts\/66735\/revisions\/66737"}],"wp:featuredmedia":[{"embeddable":true,"href":"https:\/\/2horizontes.com\/index.php?rest_route=\/wp\/v2\/media\/66736"}],"wp:attachment":[{"href":"https:\/\/2horizontes.com\/index.php?rest_route=%2Fwp%2Fv2%2Fmedia&parent=66735"}],"wp:term":[{"taxonomy":"category","embeddable":true,"href":"https:\/\/2horizontes.com\/index.php?rest_route=%2Fwp%2Fv2%2Fcategories&post=66735"},{"taxonomy":"post_tag","embeddable":true,"href":"https:\/\/2horizontes.com\/index.php?rest_route=%2Fwp%2Fv2%2Ftags&post=66735"}],"curies":[{"name":"wp","href":"https:\/\/api.w.org\/{rel}","templated":true}]}}