{"id":667,"date":"2014-04-30T00:29:45","date_gmt":"2014-04-30T00:29:45","guid":{"rendered":"http:\/\/2horizontes.com\/?p=667"},"modified":"2014-04-30T00:29:45","modified_gmt":"2014-04-30T00:29:45","slug":"presidente-dominicano-llega-a-mexico-para-participar-en-la-vi-cumbre-aec","status":"publish","type":"post","link":"https:\/\/2horizontes.com\/?p=667","title":{"rendered":"Presidente Dominicano llega a M\u00e9xico para participar en la VI Cumbre AEC"},"content":{"rendered":"<div id=\"ArticleBody\" style=\"margin-top: 10px;\">\n<div id=\"attachment_668\" style=\"width: 304px\" class=\"wp-caption alignleft\"><a href=\"http:\/\/2horizontes.com\/wp-content\/uploads\/2014\/04\/2DA9B9EE-8F2B-43C8-A0C5-ED280290B663.jpg__294__440__CROPz0x294y440.jpeg\"><img loading=\"lazy\" decoding=\"async\" aria-describedby=\"caption-attachment-668\" class=\"size-full wp-image-668\" alt=\"2DA9B9EE-8F2B-43C8-A0C5-ED280290B663.jpg__294__440__CROPz0x294y440\" src=\"http:\/\/2horizontes.com\/wp-content\/uploads\/2014\/04\/2DA9B9EE-8F2B-43C8-A0C5-ED280290B663.jpg__294__440__CROPz0x294y440.jpeg\" width=\"294\" height=\"166\" \/><\/a><p id=\"caption-attachment-668\" class=\"wp-caption-text\">Presidente Danilo Medida. Fuente Externa.<\/p><\/div>\n<p>M\u00e9rida .- El presidente Danilo Medina lleg\u00f3 hoy a M\u00e9rida, Yucat\u00e1n para participar en la VI Cumbre de la Asociaci\u00f3n de Estados del Caribe (AEC) que se desarrolla en M\u00e9xico del 28 al 30 de abril.<\/p>\n<p>Un conjunto de m\u00fasica folkl\u00f3rica se uni\u00f3 al recibimiento con la interpretaci\u00f3n de una jarana, baile t\u00edpico de Yucat\u00e1n. El primer mandatario dominicano arrib\u00f3 a las 2:30 de la tarde (hora local) por el aeropuerto Manuel Crescencio Rej\u00f3n, de M\u00e9rida, donde fue recibido por el director general adjunto para Misiones Extranjeras, embajador Juan Carlos Cu\u00e9 Vega, en representaci\u00f3n del gobierno mexicano, as\u00ed como por el embajador de la Rep\u00fablica Dominicana en M\u00e9xico, Fernando P\u00e9rez Mem\u00e9n.<\/p>\n<p>En la noche de hoy el presidente dominicano asistir\u00e1 a la cena que ofrece el presidente de M\u00e9xico, Enrique Pe\u00f1a Nieto, a los Jefes de Estado y de Gobierno, en la Quinta Montes Molina.<\/p>\n<p>La inauguraci\u00f3n formal y sesiones de trabajo del c\u00f3nclave tendr\u00e1n lugar en el Centro de Convenciones \u201cYucat\u00e1n Siglo XXI\u201d, el mi\u00e9rcoles 30 a partir de las diez de la ma\u00f1ana, hora local, y concluir\u00e1n con el almuerzo-retiro de los gobernantes caribe\u00f1os que se desarrollar\u00e1 con el tema \u201cEl futuro de la AEC a 20 a\u00f1os de su existencia\u201d.<\/p>\n<p>Temas como la prevenci\u00f3n y respuesta a desastres naturales, movilidad y comercio, turismo sustentable y cambio clim\u00e1tico, entre otros, forman parte de la agenda de discusi\u00f3n que Medina agotar\u00e1 junto a otros Jefes de Estado y de Gobierno que asisten al encuentro regional, quienes adem\u00e1s examinar\u00e1n el Plan de Acci\u00f3n P\u00e9tion-Ville y cuatro proyectos de cooperaci\u00f3n de M\u00e9xico para el Caribe.<\/p>\n<\/div>\n","protected":false},"excerpt":{"rendered":"<p>M\u00e9rida .- El presidente Danilo Medina lleg\u00f3 hoy a M\u00e9rida, Yucat\u00e1n para participar en la VI Cumbre de la Asociaci\u00f3n de Estados del Caribe (AEC) que se desarrolla en M\u00e9xico del 28 al 30 de abril. Un conjunto de m\u00fasica folkl\u00f3rica se uni\u00f3 al recibimiento con la interpretaci\u00f3n de una jarana, baile t\u00edpico de Yucat\u00e1n. [&hellip;]<\/p>\n","protected":false},"author":1,"featured_media":0,"comment_status":"open","ping_status":"open","sticky":false,"template":"","format":"standard","meta":{"footnotes":""},"categories":[1],"tags":[],"class_list":["post-667","post","type-post","status-publish","format-standard","hentry","category-entretenimiento"],"_links":{"self":[{"href":"https:\/\/2horizontes.com\/index.php?rest_route=\/wp\/v2\/posts\/667","targetHints":{"allow":["GET"]}}],"collection":[{"href":"https:\/\/2horizontes.com\/index.php?rest_route=\/wp\/v2\/posts"}],"about":[{"href":"https:\/\/2horizontes.com\/index.php?rest_route=\/wp\/v2\/types\/post"}],"author":[{"embeddable":true,"href":"https:\/\/2horizontes.com\/index.php?rest_route=\/wp\/v2\/users\/1"}],"replies":[{"embeddable":true,"href":"https:\/\/2horizontes.com\/index.php?rest_route=%2Fwp%2Fv2%2Fcomments&post=667"}],"version-history":[{"count":1,"href":"https:\/\/2horizontes.com\/index.php?rest_route=\/wp\/v2\/posts\/667\/revisions"}],"predecessor-version":[{"id":669,"href":"https:\/\/2horizontes.com\/index.php?rest_route=\/wp\/v2\/posts\/667\/revisions\/669"}],"wp:attachment":[{"href":"https:\/\/2horizontes.com\/index.php?rest_route=%2Fwp%2Fv2%2Fmedia&parent=667"}],"wp:term":[{"taxonomy":"category","embeddable":true,"href":"https:\/\/2horizontes.com\/index.php?rest_route=%2Fwp%2Fv2%2Fcategories&post=667"},{"taxonomy":"post_tag","embeddable":true,"href":"https:\/\/2horizontes.com\/index.php?rest_route=%2Fwp%2Fv2%2Ftags&post=667"}],"curies":[{"name":"wp","href":"https:\/\/api.w.org\/{rel}","templated":true}]}}