{"id":66677,"date":"2018-08-10T21:49:43","date_gmt":"2018-08-10T20:49:43","guid":{"rendered":"http:\/\/2horizontes.com\/?p=66677"},"modified":"2018-08-10T21:49:43","modified_gmt":"2018-08-10T20:49:43","slug":"republica-dominicana-participa-en-el-campeonato-mundial-de-atletismo-sub-20-en-finlandia","status":"publish","type":"post","link":"https:\/\/2horizontes.com\/?p=66677","title":{"rendered":"Rep\u00fablica Dominicana participa en el Campeonato Mundial de Atletismo Sub-20 en Finlandia"},"content":{"rendered":"<p>Finlandia. &#8211;\u00a0 Una delegaci\u00f3n de atletismo de la Rep\u00fablica Dominicana, encabezada por el dos veces medallista ol\u00edmpico F\u00e9lix S\u00e1nchez como entrenador, particip\u00f3 en la XVI edici\u00f3n del Campeonato Mundial de Atletismo Sub-20, celebrado en la ciudad de Tampere, Finlandia, del 10 al 15 de julio 2018.<\/p>\n<p>&nbsp;<\/p>\n<p>La representaci\u00f3n dominicana estaba compuesta por las corredoras Fiordaliza Cofil, Milagros Guzm\u00e1n, Marianny Ota\u00f1o, Mar\u00eda Fernando Matos, Lian Reyes Gil y por la impulsadora de bala Ang\u00e9lica Santana, compitieron en los 400 metros planos, en 100 metros con vallas, relevo de 4&#215;400 y en impulso de la bala, logrando llegar hasta la final de relevo 4&#215;400.<\/p>\n<p>&nbsp;<\/p>\n<p>En el evento, organizado por la Asociaci\u00f3n Internacional de Federaciones de Atletismo, participaron 1462 atletas de 158 pa\u00edses (779 en la rama masculina y 683 en la categor\u00eda femenina), incluidos los Atletas Naturales Autorizados (ANA) y el Equipo de Atletas Refugiados (ART).<\/p>\n<p>&nbsp;<\/p>\n<p><strong>Palabras de F\u00e9lix S\u00e1nchez:<\/strong><\/p>\n<p>F\u00e9lix S\u00e1nchez, doble medallista de Oro Ol\u00edmpico, bicampe\u00f3n mundial de 400 metros con vallas, embajador deportivo y entrenador de la escuadra dominicana integrada, expres\u00f3 sentirse satisfecho por el trabajo realizado por las competidoras dominicanas y destac\u00f3 el rendimiento individual y colectivo logrado durante la participaci\u00f3n en el mundial.<\/p>\n<p>&nbsp;<\/p>\n<p>S\u00e1nchez valor\u00f3 adem\u00e1s como muy positivo y significativo para el atletismo dominicano el alto rendimiento de las atletas dominicana en las diferentes categor\u00edas en que participaron, especialmente el cuarteto que logr\u00f3 pasar a la final de relevo 4&#215;400, que \u201caunque no obtuvieron medallas, lograron establecer r\u00e9cord individual y para el pa\u00eds en esta categor\u00eda\u201d.<\/p>\n<p>&nbsp;<\/p>\n<p><strong>Exhortaci\u00f3n embajadora Faxas a las atletas:<\/strong><\/p>\n<p>Por su parte, la embajadora de la Rep\u00fablica Dominicana en Finlandia, en conversaci\u00f3n telef\u00f3nica con F\u00e9lix S\u00e1nchez, calific\u00f3 de \u201cmuy significativa para la embajada y para el pa\u00eds\u201d la participaci\u00f3n de la delegaci\u00f3n de atletismo en la gesta deportiva, la m\u00e1s importante del mundo en esa categor\u00eda, al tiempo que exhort\u00f3 a las atletas a continuar esforz\u00e1ndose en el logro de sus metas y seguir siendo un ejemplo para la juventud dominicana.<\/p>\n<p>&nbsp;<\/p>\n<p>Faxas, quien no pudo estar presente por compromisos propios de sus funciones, hizo hincapi\u00e9 en el inter\u00e9s del pa\u00eds en abrir un espacio de cooperaci\u00f3n con Finlandia, a la vez que destac\u00f3 estar trabajando en la preparaci\u00f3n de un acuerdo marco que incluir\u00e1 la cooperaci\u00f3n en el \u00e1mbito deportivo.\u00a0 En representaci\u00f3n de la embajada estuvo presente Valent\u00edn Ciriaco Vargas, segundo secretario.<\/p>\n<p>&nbsp;<\/p>\n<p>La Delegaci\u00f3n de Rep\u00fablica Dominicana, adem\u00e1s de F\u00e9lix S\u00e1nchez y las atletas estuvo representada por Rosario Castillo, vicepresidente de la Federaci\u00f3n de Atletismo y por Ram\u00f3n Molina, fisioterapeuta.<\/p>\n<p>&nbsp;<\/p>\n","protected":false},"excerpt":{"rendered":"<p>Finlandia. &#8211;\u00a0 Una delegaci\u00f3n de atletismo de la Rep\u00fablica Dominicana, encabezada por el dos veces medallista ol\u00edmpico F\u00e9lix S\u00e1nchez como entrenador, particip\u00f3 en la XVI edici\u00f3n del Campeonato Mundial de Atletismo Sub-20, celebrado en la ciudad de Tampere, Finlandia, del 10 al 15 de julio 2018. &nbsp; La representaci\u00f3n dominicana estaba compuesta por las corredoras [&hellip;]<\/p>\n","protected":false},"author":1,"featured_media":66678,"comment_status":"open","ping_status":"open","sticky":false,"template":"","format":"standard","meta":{"footnotes":""},"categories":[42,44],"tags":[],"class_list":["post-66677","post","type-post","status-publish","format-standard","has-post-thumbnail","hentry","category-deportes","category-republica-dominicana"],"_links":{"self":[{"href":"https:\/\/2horizontes.com\/index.php?rest_route=\/wp\/v2\/posts\/66677","targetHints":{"allow":["GET"]}}],"collection":[{"href":"https:\/\/2horizontes.com\/index.php?rest_route=\/wp\/v2\/posts"}],"about":[{"href":"https:\/\/2horizontes.com\/index.php?rest_route=\/wp\/v2\/types\/post"}],"author":[{"embeddable":true,"href":"https:\/\/2horizontes.com\/index.php?rest_route=\/wp\/v2\/users\/1"}],"replies":[{"embeddable":true,"href":"https:\/\/2horizontes.com\/index.php?rest_route=%2Fwp%2Fv2%2Fcomments&post=66677"}],"version-history":[{"count":1,"href":"https:\/\/2horizontes.com\/index.php?rest_route=\/wp\/v2\/posts\/66677\/revisions"}],"predecessor-version":[{"id":66679,"href":"https:\/\/2horizontes.com\/index.php?rest_route=\/wp\/v2\/posts\/66677\/revisions\/66679"}],"wp:featuredmedia":[{"embeddable":true,"href":"https:\/\/2horizontes.com\/index.php?rest_route=\/wp\/v2\/media\/66678"}],"wp:attachment":[{"href":"https:\/\/2horizontes.com\/index.php?rest_route=%2Fwp%2Fv2%2Fmedia&parent=66677"}],"wp:term":[{"taxonomy":"category","embeddable":true,"href":"https:\/\/2horizontes.com\/index.php?rest_route=%2Fwp%2Fv2%2Fcategories&post=66677"},{"taxonomy":"post_tag","embeddable":true,"href":"https:\/\/2horizontes.com\/index.php?rest_route=%2Fwp%2Fv2%2Ftags&post=66677"}],"curies":[{"name":"wp","href":"https:\/\/api.w.org\/{rel}","templated":true}]}}