{"id":66644,"date":"2018-08-10T18:15:31","date_gmt":"2018-08-10T17:15:31","guid":{"rendered":"http:\/\/2horizontes.com\/?p=66644"},"modified":"2018-08-10T18:15:31","modified_gmt":"2018-08-10T17:15:31","slug":"ministro-de-la-presidencia-asegura-danilo-medina-no-esta-en-reeleccion","status":"publish","type":"post","link":"https:\/\/2horizontes.com\/?p=66644","title":{"rendered":"Ministro de la Presidencia asegura Danilo Medina no est\u00e1 en reelecci\u00f3n"},"content":{"rendered":"<p>SANTO DOMINGO.-\u00a0El ministro administrativo de la Presidencia, Jos\u00e9 Ram\u00f3n Peralta, afirm\u00f3 este jueves que el presidente Danilo Medina no tiene en agenda una nueva reelecci\u00f3n presidencial.<\/p>\n<p>Entrevistado en el Palacio Nacional, Peralta asegur\u00f3\u00a0 que el gobernante lo que est\u00e1 es trabajando en sus planes de gobierno.<\/p>\n<p>El funcionario fue reiterativo en se\u00f1alar que el presidente Medina est\u00e1 enfocado en sus ejecutorias.<\/p>\n<p>\u201cEl presidente est\u00e1 como ustedes, lo ven d\u00eda a d\u00eda en trabajar por su Gobierno como lo ha dicho en varias ocasiones, en hacer el mejor Gobierno posible\u201d, sosotuvo.<\/p>\n<p>Y a seguidas agreg\u00f3: \u201cEl Presidente no est\u00e1 en eso, el presidente siempre dijo cuando estaba en campa\u00f1a que lo que m\u00e1s le interesa es que cuando termine su gobierno y camine por la calle la gente lo reciba con una sonrisa dici\u00e9ndole \u2018Danilo en t\u00fa Gobierno yo cambi\u00e9 mi forma de vida\u2019, y para eso es que estamos trabajando\u201d.<\/p>\n<p><strong>LEY DE PARTIDOS<\/strong><\/p>\n<p>Sobre la Ley de Partidos Pol\u00edticos, Peralta salud\u00f3 la decisi\u00f3n de la C\u00e1mara de Diputados de aprobar el proyecto, por entender que \u00e9sta legislaci\u00f3n regular\u00e1 las organizaciones e integrar\u00e1 a la nueva generaci\u00f3n.<\/p>\n<p>\u201cAqu\u00ed hemos cedido todos. El primero que cedi\u00f3 para que hubiese un marco regulatorio fue el Gobierno. El presidente Danilo Medina con la carta que ustedes recuerdan que se envi\u00f3, dio el primer paso para que aqu\u00ed hubiese una ley de partidos\u201d, indic\u00f3.<\/p>\n<p>of-am<\/p>\n<div class=\"addtoany_share_save_container addtoany_content_bottom\">\n<div class=\"addtoany_header\">Comparte:<\/div>\n<\/div>\n","protected":false},"excerpt":{"rendered":"<p>SANTO DOMINGO.-\u00a0El ministro administrativo de la Presidencia, Jos\u00e9 Ram\u00f3n Peralta, afirm\u00f3 este jueves que el presidente Danilo Medina no tiene en agenda una nueva reelecci\u00f3n presidencial. Entrevistado en el Palacio Nacional, Peralta asegur\u00f3\u00a0 que el gobernante lo que est\u00e1 es trabajando en sus planes de gobierno. El funcionario fue reiterativo en se\u00f1alar que el presidente [&hellip;]<\/p>\n","protected":false},"author":1,"featured_media":66645,"comment_status":"open","ping_status":"open","sticky":false,"template":"","format":"standard","meta":{"footnotes":""},"categories":[43,44],"tags":[],"class_list":["post-66644","post","type-post","status-publish","format-standard","has-post-thumbnail","hentry","category-politica","category-republica-dominicana"],"_links":{"self":[{"href":"https:\/\/2horizontes.com\/index.php?rest_route=\/wp\/v2\/posts\/66644","targetHints":{"allow":["GET"]}}],"collection":[{"href":"https:\/\/2horizontes.com\/index.php?rest_route=\/wp\/v2\/posts"}],"about":[{"href":"https:\/\/2horizontes.com\/index.php?rest_route=\/wp\/v2\/types\/post"}],"author":[{"embeddable":true,"href":"https:\/\/2horizontes.com\/index.php?rest_route=\/wp\/v2\/users\/1"}],"replies":[{"embeddable":true,"href":"https:\/\/2horizontes.com\/index.php?rest_route=%2Fwp%2Fv2%2Fcomments&post=66644"}],"version-history":[{"count":1,"href":"https:\/\/2horizontes.com\/index.php?rest_route=\/wp\/v2\/posts\/66644\/revisions"}],"predecessor-version":[{"id":66646,"href":"https:\/\/2horizontes.com\/index.php?rest_route=\/wp\/v2\/posts\/66644\/revisions\/66646"}],"wp:featuredmedia":[{"embeddable":true,"href":"https:\/\/2horizontes.com\/index.php?rest_route=\/wp\/v2\/media\/66645"}],"wp:attachment":[{"href":"https:\/\/2horizontes.com\/index.php?rest_route=%2Fwp%2Fv2%2Fmedia&parent=66644"}],"wp:term":[{"taxonomy":"category","embeddable":true,"href":"https:\/\/2horizontes.com\/index.php?rest_route=%2Fwp%2Fv2%2Fcategories&post=66644"},{"taxonomy":"post_tag","embeddable":true,"href":"https:\/\/2horizontes.com\/index.php?rest_route=%2Fwp%2Fv2%2Ftags&post=66644"}],"curies":[{"name":"wp","href":"https:\/\/api.w.org\/{rel}","templated":true}]}}