{"id":66606,"date":"2018-08-06T20:48:04","date_gmt":"2018-08-06T19:48:04","guid":{"rendered":"http:\/\/2horizontes.com\/?p=66606"},"modified":"2018-08-06T20:48:04","modified_gmt":"2018-08-06T19:48:04","slug":"detenida-una-mujer-de-71-anos-acusada-de-quemar-contenedores-en-leganes","status":"publish","type":"post","link":"https:\/\/2horizontes.com\/?p=66606","title":{"rendered":"Detenida una mujer de 71 a\u00f1os acusada de quemar contenedores en Legan\u00e9s"},"content":{"rendered":"<h2 class=\"articulo-subtitulo\">La sospechosa fue atendida por los sanitarios por mostrar \u00abnerviosismo y alteraci\u00f3n\u00bb<\/h2>\n<p>Una mujer de 71 a\u00f1os fue detenida este domingo por la Polic\u00eda Local de\u00a0Legan\u00e9s acusada de quemar contenedores de ropa y de basura en los barrios de Zarzaquemada y El Carrasacal estos \u00faltimos d\u00edas, seg\u00fan ha informado el Ayuntamiento de la localidad.<\/p>\n<p>La mujer fue descubierta por el operativo desplegado por la Polic\u00eda Local justo cuando proced\u00eda a quemar otro contenedor, ha explicado el Ayuntamieno en una nota. La mujer tuvo que ser atendida por los servicios sanitarios al mostrar \u00abevidentes s\u00edntomas de nerviosismo y alteraci\u00f3n\u00bb. El\u00a0 Consistorio baraja la hip\u00f3tesis de que \u00abpudiese sufrir alg\u00fan tipo de desequilibrio\u00bb.<\/p>\n<p>La colaboraci\u00f3n ciudadana ha sido clave para la detenci\u00f3n de la sospechosa. \u00abUn testigo hab\u00eda descrito a agentes de Polic\u00eda Local a esta mujer como presunta autora de al menos otros tres incendios\u00bb, explica la nota. Los agentes vigilaron la avenida Rey Juan Carlos y observaron c\u00f3mo \u00abla detenida se acercaba andando a un contenedor de ropa en actitud vigilante y deteni\u00e9ndose\u00bb.<\/p>\n<p>Seg\u00fan el relato de los agentes, la mujer \u00absac\u00f3 un papel que introdujo en el contenedor de ropa\u00bb. Tras actuar, la detenida fue interceptada: Los polic\u00edas comprobaron que el contenedor comenz\u00f3 a \u00abdesprender un fuerte olor a quemado\u00bb.<\/p>\n","protected":false},"excerpt":{"rendered":"<p>La sospechosa fue atendida por los sanitarios por mostrar \u00abnerviosismo y alteraci\u00f3n\u00bb Una mujer de 71 a\u00f1os fue detenida este domingo por la Polic\u00eda Local de\u00a0Legan\u00e9s acusada de quemar contenedores de ropa y de basura en los barrios de Zarzaquemada y El Carrasacal estos \u00faltimos d\u00edas, seg\u00fan ha informado el Ayuntamiento de la localidad. La [&hellip;]<\/p>\n","protected":false},"author":1,"featured_media":66607,"comment_status":"open","ping_status":"open","sticky":false,"template":"","format":"standard","meta":{"footnotes":""},"categories":[85],"tags":[],"class_list":["post-66606","post","type-post","status-publish","format-standard","has-post-thumbnail","hentry","category-espana"],"_links":{"self":[{"href":"https:\/\/2horizontes.com\/index.php?rest_route=\/wp\/v2\/posts\/66606","targetHints":{"allow":["GET"]}}],"collection":[{"href":"https:\/\/2horizontes.com\/index.php?rest_route=\/wp\/v2\/posts"}],"about":[{"href":"https:\/\/2horizontes.com\/index.php?rest_route=\/wp\/v2\/types\/post"}],"author":[{"embeddable":true,"href":"https:\/\/2horizontes.com\/index.php?rest_route=\/wp\/v2\/users\/1"}],"replies":[{"embeddable":true,"href":"https:\/\/2horizontes.com\/index.php?rest_route=%2Fwp%2Fv2%2Fcomments&post=66606"}],"version-history":[{"count":1,"href":"https:\/\/2horizontes.com\/index.php?rest_route=\/wp\/v2\/posts\/66606\/revisions"}],"predecessor-version":[{"id":66608,"href":"https:\/\/2horizontes.com\/index.php?rest_route=\/wp\/v2\/posts\/66606\/revisions\/66608"}],"wp:featuredmedia":[{"embeddable":true,"href":"https:\/\/2horizontes.com\/index.php?rest_route=\/wp\/v2\/media\/66607"}],"wp:attachment":[{"href":"https:\/\/2horizontes.com\/index.php?rest_route=%2Fwp%2Fv2%2Fmedia&parent=66606"}],"wp:term":[{"taxonomy":"category","embeddable":true,"href":"https:\/\/2horizontes.com\/index.php?rest_route=%2Fwp%2Fv2%2Fcategories&post=66606"},{"taxonomy":"post_tag","embeddable":true,"href":"https:\/\/2horizontes.com\/index.php?rest_route=%2Fwp%2Fv2%2Ftags&post=66606"}],"curies":[{"name":"wp","href":"https:\/\/api.w.org\/{rel}","templated":true}]}}