{"id":66599,"date":"2018-08-01T20:58:36","date_gmt":"2018-08-01T19:58:36","guid":{"rendered":"http:\/\/2horizontes.com\/?p=66599"},"modified":"2018-08-01T20:58:36","modified_gmt":"2018-08-01T19:58:36","slug":"israel-deportara-a-la-segunda-espanola-detenida-en-la-flotilla-de-la-libertad","status":"publish","type":"post","link":"https:\/\/2horizontes.com\/?p=66599","title":{"rendered":"Israel deportar\u00e1 a la segunda espa\u00f1ola detenida en la \u2018flotilla de la libertad\u2019"},"content":{"rendered":"<p><strong>Emilia Nacher<\/strong>, la segunda activista espa\u00f1ola que viajaba en la llamada \u2018flotilla de la libertad\u2019 y que fue detenida por Israel el domingo, ser\u00e1 expulsada del pa\u00eds, al igual que\u00a0<strong>Luc\u00eda Mazarrasa<\/strong>, que ha llegado este mi\u00e9rcoles a Madrid.<\/p>\n<p>Fuentes de la Oficina de Informaci\u00f3n Diplom\u00e1tica (OID) han informado de que las autoridades israel\u00edes han confirmado este mi\u00e9rcoles a mediod\u00eda a la Embajada espa\u00f1ola en Tel Aviv que esta segunda ciudadana espa\u00f1ola tambi\u00e9n ser\u00e1 expulsada.<\/p>\n<p>Mazarrasa ha sido recibida este mi\u00e9rcoles por la ma\u00f1ana en el aeropuerto Adolfo Su\u00e1rez-Madrid Barajas por el delegado palestino en Espa\u00f1a,\u00a0<strong>Musa Odeh<\/strong>, seg\u00fan puede verse en las fotograf\u00edas que ha difundido en Twitter la organizaci\u00f3n Rumbo a Gaza, promotora de la expedici\u00f3n.<\/p>\n<p>El buque principal de la flotilla, el \u2018Al Awda\u2019, fue interceptado por las fuerzas israel\u00edes en aguas internacionales, seg\u00fan Rumbo a Gaza, cuando se aproximaba a la Franja para denunciar el bloqueo que el territorio palestino sufre por parte de Israel desde 2007.<\/p>\n<p>A bordo iban 22 personas, entre ellas Mazarrasa y la tambi\u00e9n activista espa\u00f1ola Emilia Nacher, a las que la Embajada y el consulado espa\u00f1oles ofrecieron protecci\u00f3n consular.<\/p>\n<p>Por su parte, el Ministerio de Exteriores noruego inform\u00f3 el martes de que ha pedido explicaciones a Israel porque el \u2018Al Awda\u2019 viajaba bajo bandera noruega y entre sus pasajeros y tripulantes hay cinco ciudadanos noruegos.<\/p>\n<p>La \u2018flotilla de la Libertad\u2019 cuenta con otros dos barcos, el \u2018Freedom\u2019, a bordo del cual viaja el espa\u00f1ol\u00a0<strong>Francisco Canales<\/strong>, y el \u2018Falestin\u2019, que a\u00fan navegan hacia la Franja. \u201cLa Flotilla de la Libertad continuar\u00e1 hasta que el bloqueo termine y los palestinos de Gaza recuperen su plena libertad de movimiento\u201d, ratific\u00f3 el grupo de activistas.<\/p>\n","protected":false},"excerpt":{"rendered":"<p>Emilia Nacher, la segunda activista espa\u00f1ola que viajaba en la llamada \u2018flotilla de la libertad\u2019 y que fue detenida por Israel el domingo, ser\u00e1 expulsada del pa\u00eds, al igual que\u00a0Luc\u00eda Mazarrasa, que ha llegado este mi\u00e9rcoles a Madrid. Fuentes de la Oficina de Informaci\u00f3n Diplom\u00e1tica (OID) han informado de que las autoridades israel\u00edes han confirmado [&hellip;]<\/p>\n","protected":false},"author":21320,"featured_media":66600,"comment_status":"open","ping_status":"open","sticky":false,"template":"","format":"standard","meta":{"footnotes":""},"categories":[85,40],"tags":[],"class_list":["post-66599","post","type-post","status-publish","format-standard","has-post-thumbnail","hentry","category-espana","category-internacionales"],"_links":{"self":[{"href":"https:\/\/2horizontes.com\/index.php?rest_route=\/wp\/v2\/posts\/66599","targetHints":{"allow":["GET"]}}],"collection":[{"href":"https:\/\/2horizontes.com\/index.php?rest_route=\/wp\/v2\/posts"}],"about":[{"href":"https:\/\/2horizontes.com\/index.php?rest_route=\/wp\/v2\/types\/post"}],"author":[{"embeddable":true,"href":"https:\/\/2horizontes.com\/index.php?rest_route=\/wp\/v2\/users\/21320"}],"replies":[{"embeddable":true,"href":"https:\/\/2horizontes.com\/index.php?rest_route=%2Fwp%2Fv2%2Fcomments&post=66599"}],"version-history":[{"count":1,"href":"https:\/\/2horizontes.com\/index.php?rest_route=\/wp\/v2\/posts\/66599\/revisions"}],"predecessor-version":[{"id":66601,"href":"https:\/\/2horizontes.com\/index.php?rest_route=\/wp\/v2\/posts\/66599\/revisions\/66601"}],"wp:featuredmedia":[{"embeddable":true,"href":"https:\/\/2horizontes.com\/index.php?rest_route=\/wp\/v2\/media\/66600"}],"wp:attachment":[{"href":"https:\/\/2horizontes.com\/index.php?rest_route=%2Fwp%2Fv2%2Fmedia&parent=66599"}],"wp:term":[{"taxonomy":"category","embeddable":true,"href":"https:\/\/2horizontes.com\/index.php?rest_route=%2Fwp%2Fv2%2Fcategories&post=66599"},{"taxonomy":"post_tag","embeddable":true,"href":"https:\/\/2horizontes.com\/index.php?rest_route=%2Fwp%2Fv2%2Ftags&post=66599"}],"curies":[{"name":"wp","href":"https:\/\/api.w.org\/{rel}","templated":true}]}}