{"id":66545,"date":"2018-07-27T22:52:00","date_gmt":"2018-07-27T21:52:00","guid":{"rendered":"http:\/\/2horizontes.com\/?p=66545"},"modified":"2018-07-27T22:53:27","modified_gmt":"2018-07-27T21:53:27","slug":"cuando-y-desde-donde-puedes-ver-el-eclipse-lunar-mas-largo-del-siglo-xxi","status":"publish","type":"post","link":"https:\/\/2horizontes.com\/?p=66545","title":{"rendered":"Cu\u00e1ndo y desde d\u00f3nde puedes ver el eclipse lunar m\u00e1s largo del siglo XXI"},"content":{"rendered":"<p class=\"story-body__introduction\">El eclipse lunar de este viernes 27 de julio no ser\u00e1 uno cualquiera.<\/p>\n<p>En todo el siglo XXI no habr\u00e1 otro con una duraci\u00f3n mayor, seg\u00fan la Administraci\u00f3n Nacional de la Aeron\u00e1utica y del Espacio (NASA) de Estados Unidos.<\/p>\n<p>En sus diferentes fases, el fen\u00f3meno astron\u00f3mico se desarrollar\u00e1 durante\u00a0<strong>3 horas y 55 minutos<\/strong>.<\/p>\n<ul class=\"story-body__unordered-list\">\n<li class=\"story-body__list-item\">Cu\u00e1ndo podr\u00e1s ver el pr\u00f3ximo eclipse solar en tu pa\u00eds<\/li>\n<\/ul>\n<p>En lo que respecta a su fase de oscurecimiento total, cuando toda la esfera queda opacada, los espectadores m\u00e1s afortunados podr\u00e1n apreciar el fen\u00f3meno durante 1 hora y 43 minutos.<\/p>\n<figure class=\"media-with-caption\">\n<div class=\"player-with-placeholder\">\n<p><img decoding=\"async\" class=\"media-placeholder player-with-placeholder__image narrative-video-placeholder\" src=\"https:\/\/ichef.bbci.co.uk\/images\/ic\/720x405\/p06fsdvz.jpg\" \/><\/p>\n<div class=\"player-with-placeholder\">\n<div class=\"media-player-wrapper\">\n<div id=\"sticky-player-1\">\n<div class=\"sticky-player__wrapper\">\n<div class=\"sticky-player__body\"><\/div>\n<\/div>\n<\/div>\n<\/div>\n<\/div>\n<\/div><figcaption class=\"media-with-caption__caption\">Qu\u00e9 es un eclipse lunar total y por que \u00e9ste ser\u00e1 el m\u00e1s largo del siglo<\/figcaption><\/figure>\n<p>\u00abDurante un eclipse lunar, la Tierra se interpone en el camino de la luz solar que alcanza a la Luna. Eso significa que durante la noche, la Luna llena se desvanece a medida que la sombra de la Tierra la cubre\u00bb, explica la NASA.<\/p>\n<p>La noche del eclipse tambi\u00e9n se combinar\u00e1 con el fen\u00f3meno conocido como\u00a0<strong>\u00ab<\/strong><strong>luna de sangre\u00bb<\/strong>, nombrado as\u00ed por el color rojizo que adquiere el sat\u00e9lite.<\/p>\n<figure class=\"media-landscape has-caption full-width\"><span class=\"image-and-copyright-container\"><img loading=\"lazy\" decoding=\"async\" class=\"responsive-image__img js-image-replace\" src=\"https:\/\/ichef.bbci.co.uk\/news\/624\/cpsprodpb\/522D\/production\/_102473012_gettyimages-912699248.jpg\" alt=\"Un eclipse en Turqu\u00eda\" width=\"976\" height=\"549\" data-highest-encountered-width=\"624\" \/><span class=\"off-screen\">Derechos de autor de la imagen<\/span><span class=\"story-image-copyright\">GETTY IMAGES<\/span><\/span><figcaption class=\"media-caption\"><span class=\"off-screen\">Image caption<\/span><span class=\"media-caption__text\">El eclipse tambi\u00e9n se acompa\u00f1ar\u00e1 con el fen\u00f3meno de la \u00abluna de sangre\u00bb.<\/span><\/figcaption><\/figure>\n<p>Eso se debe al efecto visual que se genera cuando la luz solar se filtra en la atm\u00f3sfera y se proyectan los colores anaranjado y rojo sobre la Luna.<\/p>\n<p>Adem\u00e1s, durante el eclipse de este viernes\u00a0<strong>la Luna estar\u00e1 en su \u00abapogeo\u00bb<\/strong>, que es el punto de su \u00f3rbita en el que se encuentra m\u00e1s distante de la Tierra.<\/p>\n<ul class=\"story-body__unordered-list\">\n<li class=\"story-body__list-item\">1 Luna roja, 2 eclipses y otros 10 fen\u00f3menos astron\u00f3micos que nos har\u00e1n mirar al cielo en 2018<\/li>\n<\/ul>\n<p>Por eso el movimiento de la Luna ser\u00e1 percibido m\u00e1s lento y permitir\u00e1 disfrutar m\u00e1s el eclipse.<\/p>\n<h2 class=\"story-body__crosshead\">\u00bfD\u00f3nde ser\u00e1 visible?<\/h2>\n<p>El eclipse ser\u00e1 visible en su totalidad en la mayor parte de<strong>\u00a0Europa, \u00c1frica, Medio Oriente, Asia central y Australia.<\/strong><\/p>\n<p><strong>En Espa\u00f1a<\/strong><strong>,<\/strong><strong>\u00a0ser\u00e1 visible desde todo el pa\u00eds\u00a0<\/strong>en la fase ascendente de la Luna, con el punto m\u00e1ximo a las 22:21 hora peninsular (21:21 de Canarias).<\/p>\n<figure class=\"media-landscape has-caption full-width\"><span class=\"image-and-copyright-container\"><img loading=\"lazy\" decoding=\"async\" class=\"responsive-image__img js-image-replace\" src=\"https:\/\/ichef.bbci.co.uk\/news\/624\/cpsprodpb\/EE6D\/production\/_102473016_gettyimages-116424102.jpg\" alt=\"Un eclipse penumbral\" width=\"976\" height=\"549\" data-highest-encountered-width=\"624\" \/><\/span><figcaption class=\"media-caption\"><span class=\"off-screen\">Image caption<\/span><span class=\"media-caption__text\">En Sudam\u00e9rica ser\u00e1 visible el eclipse penumbral, cuando la sombra de la Tierra oscurece la Luna pero no bloquea toda la luz.<\/span><\/figcaption><\/figure>\n<p>En Am\u00e9rica Latina solo se podr\u00e1 apreciar de forma parcial en el este de Sudam\u00e9rica, como en las ciudades de Buenos Aires, Montevideo, Sao Paulo y R\u00edo de Janeiro.<\/p>\n<p>En esas y otras ciudades cercanas ser\u00e1 visible durante la salida de la Luna por el horizonte. Ah\u00ed ser\u00e1 visible\u00a0<strong>un eclipse penumbral<\/strong>, es decir, la sombra se proyectar\u00e1 sobre el sat\u00e9lite sin bloquear toda la luz.<\/p>\n<p>En cambio el eclipse\u00a0<strong>no podr\u00e1 ser visto en las regiones de Centro y Norteam\u00e9rica.<\/strong><\/p>\n<figure class=\"media-landscape no-caption full-width\"><span class=\"image-and-copyright-container\"><img loading=\"lazy\" decoding=\"async\" class=\"responsive-image__img js-image-replace\" src=\"https:\/\/ichef.bbci.co.uk\/news\/624\/cpsprodpb\/143E5\/production\/_102471928_zonasvisiblesynovisibles.jpg\" alt=\"Visibilidad del eclipse en el mundo\" width=\"1507\" height=\"667\" data-highest-encountered-width=\"624\" \/><\/span><\/figure>\n<p>La mejor ubicaci\u00f3n para apreciar este fen\u00f3meno ser\u00e1<strong>\u00a0la mitad este de \u00c1frica, Medio Oriente y Asia central.<\/strong><\/p>\n<p>Ah\u00ed se la esfera lunar va a \u00abdesaparecer\u00bb durante 1 hora y 43 minutos.<\/p>\n<figure class=\"media-with-caption\">\n<div class=\"player-with-placeholder\">\n<p><img decoding=\"async\" class=\"media-placeholder player-with-placeholder__image narrative-video-placeholder\" src=\"https:\/\/ichef.bbci.co.uk\/images\/ic\/720x405\/p05wsdlt.jpg\" \/><\/p>\n<div class=\"player-with-placeholder\">\n<div class=\"media-player-wrapper\">\n<div id=\"sticky-player-2\">\n<div class=\"sticky-player__wrapper\">\n<div class=\"sticky-player__body\"><\/div>\n<\/div>\n<\/div>\n<\/div>\n<\/div>\n<\/div><figcaption class=\"media-with-caption__caption\">Las mejores im\u00e1genes de la super luna azul de sangre alrededor del mundo<\/figcaption><\/figure>\n","protected":false},"excerpt":{"rendered":"<p>El eclipse lunar de este viernes 27 de julio no ser\u00e1 uno cualquiera. En todo el siglo XXI no habr\u00e1 otro con una duraci\u00f3n mayor, seg\u00fan la Administraci\u00f3n Nacional de la Aeron\u00e1utica y del Espacio (NASA) de Estados Unidos. En sus diferentes fases, el fen\u00f3meno astron\u00f3mico se desarrollar\u00e1 durante\u00a03 horas y 55 minutos. Cu\u00e1ndo podr\u00e1s [&hellip;]<\/p>\n","protected":false},"author":21320,"featured_media":66547,"comment_status":"open","ping_status":"open","sticky":false,"template":"","format":"standard","meta":{"footnotes":""},"categories":[62],"tags":[],"class_list":["post-66545","post","type-post","status-publish","format-standard","has-post-thumbnail","hentry","category-cultura"],"_links":{"self":[{"href":"https:\/\/2horizontes.com\/index.php?rest_route=\/wp\/v2\/posts\/66545","targetHints":{"allow":["GET"]}}],"collection":[{"href":"https:\/\/2horizontes.com\/index.php?rest_route=\/wp\/v2\/posts"}],"about":[{"href":"https:\/\/2horizontes.com\/index.php?rest_route=\/wp\/v2\/types\/post"}],"author":[{"embeddable":true,"href":"https:\/\/2horizontes.com\/index.php?rest_route=\/wp\/v2\/users\/21320"}],"replies":[{"embeddable":true,"href":"https:\/\/2horizontes.com\/index.php?rest_route=%2Fwp%2Fv2%2Fcomments&post=66545"}],"version-history":[{"count":2,"href":"https:\/\/2horizontes.com\/index.php?rest_route=\/wp\/v2\/posts\/66545\/revisions"}],"predecessor-version":[{"id":66548,"href":"https:\/\/2horizontes.com\/index.php?rest_route=\/wp\/v2\/posts\/66545\/revisions\/66548"}],"wp:featuredmedia":[{"embeddable":true,"href":"https:\/\/2horizontes.com\/index.php?rest_route=\/wp\/v2\/media\/66547"}],"wp:attachment":[{"href":"https:\/\/2horizontes.com\/index.php?rest_route=%2Fwp%2Fv2%2Fmedia&parent=66545"}],"wp:term":[{"taxonomy":"category","embeddable":true,"href":"https:\/\/2horizontes.com\/index.php?rest_route=%2Fwp%2Fv2%2Fcategories&post=66545"},{"taxonomy":"post_tag","embeddable":true,"href":"https:\/\/2horizontes.com\/index.php?rest_route=%2Fwp%2Fv2%2Ftags&post=66545"}],"curies":[{"name":"wp","href":"https:\/\/api.w.org\/{rel}","templated":true}]}}