{"id":66536,"date":"2018-07-26T18:51:48","date_gmt":"2018-07-26T17:51:48","guid":{"rendered":"http:\/\/2horizontes.com\/?p=66536"},"modified":"2018-07-26T18:51:48","modified_gmt":"2018-07-26T17:51:48","slug":"diputado-marcos-cross-expresa","status":"publish","type":"post","link":"https:\/\/2horizontes.com\/?p=66536","title":{"rendered":"Diputado Marcos Cross expresa:"},"content":{"rendered":"<p>El sector del PLD que promueve las primarias abiertas para elegir los candidatos de elecci\u00f3n popular para las elecciones del 2020, queriendo suprimir el derecho interno que tienen los militantes del partido de la liberaci\u00f3n dominicana,!ha dado una estocada de muerte al PRSC, presion\u00e1ndole para hacerle cambiar su posici\u00f3n en la subcomisi\u00f3n y por ende en la comision especial que se reunir\u00e1 en el d\u00eda de ma\u00f1ana viernes 27\/2018 para oficializar el informe de la ley de Partidos, Agrupciones y Movimientos Pol\u00edticos, incluyendo la desicion de que decidan las c\u00fapulas partidarias la modalidad y el padr\u00f3n a utilizar en las primarias, el cual se pondr\u00eda en agenda el pr\u00f3ximo marte1 de agosto. Han presionado a los reformistas con el caso pendiente en los tribunales y la asamblea electora que realizo el senador por San Pedro de Macor\u00eds Jose Jazmin Frapier y el grupo que le apoya, con quitarle las siglas a Quique Ant\u00fan en el partido Reformista Social Cristiano.<\/p>\n","protected":false},"excerpt":{"rendered":"<p>El sector del PLD que promueve las primarias abiertas para elegir los candidatos de elecci\u00f3n popular para las elecciones del 2020, queriendo suprimir el derecho interno que tienen los militantes del partido de la liberaci\u00f3n dominicana,!ha dado una estocada de muerte al PRSC, presion\u00e1ndole para hacerle cambiar su posici\u00f3n en la subcomisi\u00f3n y por ende [&hellip;]<\/p>\n","protected":false},"author":21320,"featured_media":66537,"comment_status":"open","ping_status":"open","sticky":false,"template":"","format":"standard","meta":{"footnotes":""},"categories":[43,44],"tags":[],"class_list":["post-66536","post","type-post","status-publish","format-standard","has-post-thumbnail","hentry","category-politica","category-republica-dominicana"],"_links":{"self":[{"href":"https:\/\/2horizontes.com\/index.php?rest_route=\/wp\/v2\/posts\/66536","targetHints":{"allow":["GET"]}}],"collection":[{"href":"https:\/\/2horizontes.com\/index.php?rest_route=\/wp\/v2\/posts"}],"about":[{"href":"https:\/\/2horizontes.com\/index.php?rest_route=\/wp\/v2\/types\/post"}],"author":[{"embeddable":true,"href":"https:\/\/2horizontes.com\/index.php?rest_route=\/wp\/v2\/users\/21320"}],"replies":[{"embeddable":true,"href":"https:\/\/2horizontes.com\/index.php?rest_route=%2Fwp%2Fv2%2Fcomments&post=66536"}],"version-history":[{"count":1,"href":"https:\/\/2horizontes.com\/index.php?rest_route=\/wp\/v2\/posts\/66536\/revisions"}],"predecessor-version":[{"id":66538,"href":"https:\/\/2horizontes.com\/index.php?rest_route=\/wp\/v2\/posts\/66536\/revisions\/66538"}],"wp:featuredmedia":[{"embeddable":true,"href":"https:\/\/2horizontes.com\/index.php?rest_route=\/wp\/v2\/media\/66537"}],"wp:attachment":[{"href":"https:\/\/2horizontes.com\/index.php?rest_route=%2Fwp%2Fv2%2Fmedia&parent=66536"}],"wp:term":[{"taxonomy":"category","embeddable":true,"href":"https:\/\/2horizontes.com\/index.php?rest_route=%2Fwp%2Fv2%2Fcategories&post=66536"},{"taxonomy":"post_tag","embeddable":true,"href":"https:\/\/2horizontes.com\/index.php?rest_route=%2Fwp%2Fv2%2Ftags&post=66536"}],"curies":[{"name":"wp","href":"https:\/\/api.w.org\/{rel}","templated":true}]}}