{"id":66532,"date":"2018-07-26T18:33:27","date_gmt":"2018-07-26T17:33:27","guid":{"rendered":"http:\/\/2horizontes.com\/?p=66532"},"modified":"2018-07-26T18:33:27","modified_gmt":"2018-07-26T17:33:27","slug":"marcos-cross-expone-en-foro-internacional-situacion-migratoria-de-haiti-rd","status":"publish","type":"post","link":"https:\/\/2horizontes.com\/?p=66532","title":{"rendered":"Marcos Cross expone en foro internacional situaci\u00f3n migratoria de Hait\u00ed-RD"},"content":{"rendered":"<p>Durante su participaci\u00f3n en el Foro de Presidentes y Presidentas de Poderes Legislativos de Centroam\u00e9rica y la Cuenca del Caribe, el legislador dijo que la situaci\u00f3n migratoria en Rep\u00fablica Dominicana es muy dif\u00edcil de manejar, porque es antihumano tratarlo con radicalizaci\u00f3n.<\/p>\n<p>Marcos Cross, diputado de Ultramar-Europa por el Partido de la Liberaci\u00f3n Dominicana (PLD), expuso la situaci\u00f3n migratoria de Hait\u00ed hacia Rep\u00fablica Dominicana, en el Foro de Presidentes y Presidentas de Poderes Legislativos de Centroam\u00e9rica y la Cuenca del Caribe (FOPREL), celebrado en El Salvador.<\/p>\n<p>Durante su participaci\u00f3n en este foro internacional, el legislador dijo que la situaci\u00f3n migratoria en Rep\u00fablica Dominicana es muy dif\u00edcil de manejar, porque es antihumano tratarlo con radicalizaci\u00f3n.<\/p>\n<p>\u201cEn mi gesti\u00f3n en el congreso de la RD, hubo un diputado que propuso una resoluci\u00f3n para el Estado dominicano construyera una muro con la frontera con Hait\u00ed, que son 347 kil\u00f3metros, y fue el \u00fanico legislador que me pare en el hemiciclo a oponerme esa construcci\u00f3n\u201d, record\u00f3 el congresista.<\/p>\n<p>Destac\u00f3 que se opuso porque entiende que un muro es vulnerable \u201cya que la gente puede poner escalera y volarse, y mucho peor se fortalece la mafia organizada para burlar las autoridades responsables de contener la migraci\u00f3n a trav\u00e9s de la frontera y los aeropuertos\u201d.<\/p>\n<p>Manifest\u00f3 que como diplom\u00e1tico dominicano que fue durante ocho en Espa\u00f1a siempre luch\u00f3 por buscar soluciones a los problemas migratorios de los dominicanos.<br \/>\nExpres\u00f3 que aunque ahora es diputado de Ultramar, entiende que los que faltan son oportunidades e iniciativas que permitan que los ciudadanos centroamericanos o latinoamericanos no emigren por razones econ\u00f3micas o estudios.<\/p>\n<p>Marcos Cross resalt\u00f3 que la primera iniciativa que someti\u00f3 al Congreso de su pa\u00eds fue la creaci\u00f3n del Instituto del Dominicano en el Exterior, atendiendo a que hay 2 millones de dominicanos en Estados Unidos, cientos de miles en Centroam\u00e9rica y m\u00e1s de 350 mil en Europa, y \u201caportan cada a\u00f1o m\u00e1s de 6 mil millones de d\u00f3lares \u201ca la balanza de pago de nuestro pa\u00eds\u201d.<\/p>\n<p>Recalc\u00f3 que ese proyecto del Dominicano en el Exterior ser\u00e1 retomado de nuevo porque fue aprobado y planteaba el un billete de avi\u00f3n para el retorno digno de los dominicanos, una tarjeta de salud y un salario m\u00ednimo por 6 meses que le permita al dominicano para mantenerse vivo, y la inserci\u00f3n laboral, entre otros temas tambi\u00e9n importantes.<\/p>\n<p>El Foro Parlamentario de Presidentes de Poderes Legislativos de Centroam\u00e9rica y la Cuenca del Caribe (FOPREL) est\u00e1 integrado por los parlamentos de Belice, Costa Rica, El Salvador, Guatemala, Honduras, Nicaragua, Panam\u00e1, Rep\u00fablica Dominicana y M\u00e9xico.<\/p>\n<p>Tiene entre sus objetivos adoptar iniciativas conjuntas para que las instituciones permitan el desarrollo de una cultura democr\u00e1tica; la evoluci\u00f3n pol\u00edtica, econ\u00f3mica y social de la regi\u00f3n.<\/p>\n<div class=\"sharedaddy sd-sharing-enabled\">\n<div class=\"robots-nocontent sd-block sd-social sd-social-icon sd-sharing\">\n<h3 class=\"sd-title\">Comparte esto:<\/h3>\n<\/div>\n<\/div>\n","protected":false},"excerpt":{"rendered":"<p>Durante su participaci\u00f3n en el Foro de Presidentes y Presidentas de Poderes Legislativos de Centroam\u00e9rica y la Cuenca del Caribe, el legislador dijo que la situaci\u00f3n migratoria en Rep\u00fablica Dominicana es muy dif\u00edcil de manejar, porque es antihumano tratarlo con radicalizaci\u00f3n. Marcos Cross, diputado de Ultramar-Europa por el Partido de la Liberaci\u00f3n Dominicana (PLD), expuso [&hellip;]<\/p>\n","protected":false},"author":21320,"featured_media":66533,"comment_status":"open","ping_status":"open","sticky":false,"template":"","format":"standard","meta":{"footnotes":""},"categories":[43,44],"tags":[],"class_list":["post-66532","post","type-post","status-publish","format-standard","has-post-thumbnail","hentry","category-politica","category-republica-dominicana"],"_links":{"self":[{"href":"https:\/\/2horizontes.com\/index.php?rest_route=\/wp\/v2\/posts\/66532","targetHints":{"allow":["GET"]}}],"collection":[{"href":"https:\/\/2horizontes.com\/index.php?rest_route=\/wp\/v2\/posts"}],"about":[{"href":"https:\/\/2horizontes.com\/index.php?rest_route=\/wp\/v2\/types\/post"}],"author":[{"embeddable":true,"href":"https:\/\/2horizontes.com\/index.php?rest_route=\/wp\/v2\/users\/21320"}],"replies":[{"embeddable":true,"href":"https:\/\/2horizontes.com\/index.php?rest_route=%2Fwp%2Fv2%2Fcomments&post=66532"}],"version-history":[{"count":1,"href":"https:\/\/2horizontes.com\/index.php?rest_route=\/wp\/v2\/posts\/66532\/revisions"}],"predecessor-version":[{"id":66534,"href":"https:\/\/2horizontes.com\/index.php?rest_route=\/wp\/v2\/posts\/66532\/revisions\/66534"}],"wp:featuredmedia":[{"embeddable":true,"href":"https:\/\/2horizontes.com\/index.php?rest_route=\/wp\/v2\/media\/66533"}],"wp:attachment":[{"href":"https:\/\/2horizontes.com\/index.php?rest_route=%2Fwp%2Fv2%2Fmedia&parent=66532"}],"wp:term":[{"taxonomy":"category","embeddable":true,"href":"https:\/\/2horizontes.com\/index.php?rest_route=%2Fwp%2Fv2%2Fcategories&post=66532"},{"taxonomy":"post_tag","embeddable":true,"href":"https:\/\/2horizontes.com\/index.php?rest_route=%2Fwp%2Fv2%2Ftags&post=66532"}],"curies":[{"name":"wp","href":"https:\/\/api.w.org\/{rel}","templated":true}]}}