{"id":66526,"date":"2018-07-26T13:22:57","date_gmt":"2018-07-26T12:22:57","guid":{"rendered":"http:\/\/2horizontes.com\/?p=66526"},"modified":"2018-07-26T13:22:57","modified_gmt":"2018-07-26T12:22:57","slug":"el-cineasta-alfonso-rodriguez-dice-aspira-a-presidencia-de-la-republica","status":"publish","type":"post","link":"https:\/\/2horizontes.com\/?p=66526","title":{"rendered":"El cineasta Alfonso Rodr\u00edguez dice aspira a Presidencia de la Rep\u00fablica"},"content":{"rendered":"<div class=\"post_author\">\n<div class=\"buttons\" data-element=\"buttons\"><\/div>\n<\/div>\n<div class=\"entry-content\">\n<p><iframe loading=\"lazy\" src=\"https:\/\/www.youtube.com\/embed\/Jfr4eQe79PM?feature=oembed\" width=\"500\" height=\"281\" frameborder=\"0\" allowfullscreen=\"allowfullscreen\" data-mce-fragment=\"1\"><\/iframe><\/p>\n<p>SANTO DOMINGO.- El director de cine Alfonso Rodr\u00edguez present\u00f3 la noche de este martes sus aspiraciones a la presidencia de la Rep\u00fablica sustentadas por una nueva entidad denominada Revoluci\u00f3n Democr\u00e1tica 2020.<\/p>\n<p>Tras presentar su declaraci\u00f3n jurada de bienes con un patrimonio de 190 millones 826 mil 637 pesos, Rodr\u00edguez, en una rueda de prensa acompa\u00f1ado de dos hijas,\u00a0 ley\u00f3\u00a0 un documento en el que explica los motivos por los cuales tom\u00f3 esta decisi\u00f3n.<\/p>\n<p>\u201cPorque no puedo quedarme sentado en mi casa viendo c\u00f3mo destruyen mi pa\u00eds, el pa\u00eds donde nac\u00ed, el \u00fanico pa\u00eds del mundo donde no se me discrimina y donde no soy un inmigrante, el pa\u00eds donde una vez fue el ideal para criar mis hijos\u201d, expresa en el documento.<\/p>\n<p>Indica\u00a0 que no puede seguir callado sin hacer nada mientras \u201cla corrupci\u00f3n lleva el pa\u00eds al colapso total, en lo econ\u00f3mico, migratorio, educativo\u201d as\u00ed como en t\u00e9rminos de \u201cseguridad social, seguridad ciudadana, en los sue\u00f1os de los j\u00f3venes de poder vivir en un pa\u00eds que les ofrezcan mejor futuro\u201d.<\/p>\n<p>\u201cPorque no puedo seguir siendo gobernado por la peor gente que existe, gente que hace negocio hasta con la medicina donada para otros para los \u2018hijos de machepa\u2019, gente que no tiene reparo a la hora de robar las ayudas de fen\u00f3menos atmosf\u00e9ricos, gente sin escr\u00fapulos que vende la patria al mejor postor, gente que vende hasta nuestros oro, playas, nuestras riquezas naturales, que vende hasta nuestros hijos\u201d, dice.<\/p>\n<p>El cineasta resalta que busca la presidencia del pa\u00eds porque no puede vivir en una naci\u00f3n manejada por \u201cmafiosos que se hacen de la vista gorda ante la pornograf\u00eda y la prostituci\u00f3n infantil en puntos tur\u00edsticos como Boca Chica y Sos\u00faa\u201d.<\/p>\n<div class=\"addtoany_share_save_container addtoany_content_bottom\">\n<div class=\"addtoany_header\">Comparte:<\/div>\n<\/div>\n<\/div>\n","protected":false},"excerpt":{"rendered":"<p>SANTO DOMINGO.- El director de cine Alfonso Rodr\u00edguez present\u00f3 la noche de este martes sus aspiraciones a la presidencia de la Rep\u00fablica sustentadas por una nueva entidad denominada Revoluci\u00f3n Democr\u00e1tica 2020. Tras presentar su declaraci\u00f3n jurada de bienes con un patrimonio de 190 millones 826 mil 637 pesos, Rodr\u00edguez, en una rueda de prensa acompa\u00f1ado [&hellip;]<\/p>\n","protected":false},"author":1,"featured_media":66527,"comment_status":"open","ping_status":"open","sticky":false,"template":"","format":"video","meta":{"footnotes":""},"categories":[43,83,44],"tags":[],"class_list":["post-66526","post","type-post","status-publish","format-video","has-post-thumbnail","hentry","category-politica","category-reportajes","category-republica-dominicana","post_format-post-format-video"],"_links":{"self":[{"href":"https:\/\/2horizontes.com\/index.php?rest_route=\/wp\/v2\/posts\/66526","targetHints":{"allow":["GET"]}}],"collection":[{"href":"https:\/\/2horizontes.com\/index.php?rest_route=\/wp\/v2\/posts"}],"about":[{"href":"https:\/\/2horizontes.com\/index.php?rest_route=\/wp\/v2\/types\/post"}],"author":[{"embeddable":true,"href":"https:\/\/2horizontes.com\/index.php?rest_route=\/wp\/v2\/users\/1"}],"replies":[{"embeddable":true,"href":"https:\/\/2horizontes.com\/index.php?rest_route=%2Fwp%2Fv2%2Fcomments&post=66526"}],"version-history":[{"count":1,"href":"https:\/\/2horizontes.com\/index.php?rest_route=\/wp\/v2\/posts\/66526\/revisions"}],"predecessor-version":[{"id":66528,"href":"https:\/\/2horizontes.com\/index.php?rest_route=\/wp\/v2\/posts\/66526\/revisions\/66528"}],"wp:featuredmedia":[{"embeddable":true,"href":"https:\/\/2horizontes.com\/index.php?rest_route=\/wp\/v2\/media\/66527"}],"wp:attachment":[{"href":"https:\/\/2horizontes.com\/index.php?rest_route=%2Fwp%2Fv2%2Fmedia&parent=66526"}],"wp:term":[{"taxonomy":"category","embeddable":true,"href":"https:\/\/2horizontes.com\/index.php?rest_route=%2Fwp%2Fv2%2Fcategories&post=66526"},{"taxonomy":"post_tag","embeddable":true,"href":"https:\/\/2horizontes.com\/index.php?rest_route=%2Fwp%2Fv2%2Ftags&post=66526"}],"curies":[{"name":"wp","href":"https:\/\/api.w.org\/{rel}","templated":true}]}}