{"id":66523,"date":"2018-07-26T12:08:30","date_gmt":"2018-07-26T11:08:30","guid":{"rendered":"http:\/\/2horizontes.com\/?p=66523"},"modified":"2018-07-26T12:08:30","modified_gmt":"2018-07-26T11:08:30","slug":"detenido-por-dejar-a-su-hija-de-noche-en-un-hotel-e-irse-a-una-discoteca","status":"publish","type":"post","link":"https:\/\/2horizontes.com\/?p=66523","title":{"rendered":"Detenido por dejar a su hija de noche en un hotel e irse a una discoteca"},"content":{"rendered":"<h2 class=\"articulo-subtitulo\">El arrestado estaba ebrio y mont\u00f3 altercados en el local hasta que acudi\u00f3 la polic\u00eda<\/h2>\n<p>&nbsp;<\/p>\n<p>Un hombre de nacionalidad peruana que estaba de vacaciones en la capital fue detenido la madrugada del martes, tras dejar a su hija de 11 a\u00f1os en la habitaci\u00f3n de un hotel del\u00a0distrito de Chamart\u00edn\u00a0y marcharse a una discoteca.\u00a0La Polic\u00eda Nacional\u00a0lo acusan de un delito de abandono de menores, seg\u00fan fuentes policiales.<\/p>\n<p>El abandono se descubri\u00f3 cuando la menor se despert\u00f3 asustada durante la noche. Baj\u00f3 llorando a la recepci\u00f3n del hotel, que se encuentra muy cerca de la plaza de Castilla. All\u00ed fue atendida por los empleados y por los polic\u00edas que acudieron al aviso de aquellos. Les dijo que su padre se hab\u00eda marchado y que ella se hab\u00eda quedado sola en la habitaci\u00f3n.<\/p>\n<p>Los agentes movilizaron a los coches patrulla de la zona. Tambi\u00e9n intentaron localizar al padre llam\u00e1ndolo a su tel\u00e9fono m\u00f3vil en numerosas ocasiones. Incluso preguntaron en hospitales de la capital, por si hab\u00eda ingresado por alguna urgencia m\u00e9dica.<\/p>\n<p>Al final, lograron localizarlo en una discoteca cercana a la calle de Sor \u00c1ngela de la Cruz, en\u00a0el distrito de Tetu\u00e1n.\u00a0El hombre estaba ebrio y alterando el orden p\u00fablico, seg\u00fan los responsables del local. Los agentes acudieron al establecimiento y comprobaron que se trataba del padre de la menor. El hombre carece de antecedentes policiales en Espa\u00f1a.<\/p>\n<p>La polic\u00eda localiz\u00f3 a la madre de la ni\u00f1a, que se encontraba en su pa\u00eds de origen. La mujer pudo localizar por tel\u00e9fono a un familiar que reside en Madrid. Fue este quien se hizo cargo de la ni\u00f1a. Su padre fue arrestado y trasladado a la comisar\u00eda de Chamart\u00edn. Ayer pas\u00f3 a disposici\u00f3n del juzgado de guardia.<\/p>\n","protected":false},"excerpt":{"rendered":"<p>El arrestado estaba ebrio y mont\u00f3 altercados en el local hasta que acudi\u00f3 la polic\u00eda &nbsp; Un hombre de nacionalidad peruana que estaba de vacaciones en la capital fue detenido la madrugada del martes, tras dejar a su hija de 11 a\u00f1os en la habitaci\u00f3n de un hotel del\u00a0distrito de Chamart\u00edn\u00a0y marcharse a una discoteca.\u00a0La [&hellip;]<\/p>\n","protected":false},"author":1,"featured_media":66524,"comment_status":"open","ping_status":"open","sticky":false,"template":"","format":"standard","meta":{"footnotes":""},"categories":[85],"tags":[],"class_list":["post-66523","post","type-post","status-publish","format-standard","has-post-thumbnail","hentry","category-espana"],"_links":{"self":[{"href":"https:\/\/2horizontes.com\/index.php?rest_route=\/wp\/v2\/posts\/66523","targetHints":{"allow":["GET"]}}],"collection":[{"href":"https:\/\/2horizontes.com\/index.php?rest_route=\/wp\/v2\/posts"}],"about":[{"href":"https:\/\/2horizontes.com\/index.php?rest_route=\/wp\/v2\/types\/post"}],"author":[{"embeddable":true,"href":"https:\/\/2horizontes.com\/index.php?rest_route=\/wp\/v2\/users\/1"}],"replies":[{"embeddable":true,"href":"https:\/\/2horizontes.com\/index.php?rest_route=%2Fwp%2Fv2%2Fcomments&post=66523"}],"version-history":[{"count":1,"href":"https:\/\/2horizontes.com\/index.php?rest_route=\/wp\/v2\/posts\/66523\/revisions"}],"predecessor-version":[{"id":66525,"href":"https:\/\/2horizontes.com\/index.php?rest_route=\/wp\/v2\/posts\/66523\/revisions\/66525"}],"wp:featuredmedia":[{"embeddable":true,"href":"https:\/\/2horizontes.com\/index.php?rest_route=\/wp\/v2\/media\/66524"}],"wp:attachment":[{"href":"https:\/\/2horizontes.com\/index.php?rest_route=%2Fwp%2Fv2%2Fmedia&parent=66523"}],"wp:term":[{"taxonomy":"category","embeddable":true,"href":"https:\/\/2horizontes.com\/index.php?rest_route=%2Fwp%2Fv2%2Fcategories&post=66523"},{"taxonomy":"post_tag","embeddable":true,"href":"https:\/\/2horizontes.com\/index.php?rest_route=%2Fwp%2Fv2%2Ftags&post=66523"}],"curies":[{"name":"wp","href":"https:\/\/api.w.org\/{rel}","templated":true}]}}