{"id":66517,"date":"2018-07-26T11:54:24","date_gmt":"2018-07-26T10:54:24","guid":{"rendered":"http:\/\/2horizontes.com\/?p=66517"},"modified":"2018-07-26T11:54:24","modified_gmt":"2018-07-26T10:54:24","slug":"mas-de-700-migrantes-subsaharianos-acceden-a-ceuta-tras-saltar-la-valla","status":"publish","type":"post","link":"https:\/\/2horizontes.com\/?p=66517","title":{"rendered":"M\u00e1s de 700 migrantes subsaharianos acceden a Ceuta tras saltar la valla"},"content":{"rendered":"<h2 class=\"articulo-subtitulo\">La Cruz Roja atiende a 132 inmigrantes y a 22 agentes heridos tras una de las entradas m\u00e1s violentas y masivas de los \u00faltimos tiempos, seg\u00fan la Guardia Civil<\/h2>\n<p>&nbsp;<\/p>\n<p>Un grupo integrado por m\u00e1s de 700 migrantes indocumentados de origen subsahariano ha saltado a primera hora de la ma\u00f1ana de este jueves el vallado fronterizo que separa Ceuta de Marruecos, seg\u00fan ha precisado la Guardia Civil. Se trata de una de las entradas m\u00e1s violentas y numerosas de los \u00faltimos tiempos, seg\u00fan fuentes policiales.\u00a0Los agentes han conseguido detener a centenares de personas en suelo marroqu\u00ed y la Guardia Civil ha devuelto a un contingente a Marruecos \u2014se trata de\u00a0<em>devoluciones en caliente<\/em>, que el Gobierno de Pedro S\u00e1nchez\u00a0se ha comprometido a eliminar\u2014. Pero los migrantes que han conseguido saltar se han dirigido directamente hacia el Centro de Estancia Temporal de Inmigrantes (CETI).<\/p>\n<p>Seg\u00fan han informado fuentes policiales, el salto en grupo a la valla \u2014una frontera protegida por un doble vallado de 8,4 kil\u00f3metros de longitud y algo m\u00e1s de seis metros de altura\u2014, se ha producido sobre las siete de la ma\u00f1ana, tras varios meses sin intentos parecidos, en la zona de la\u00a0Finca Berrocal. Se trata del punto m\u00e1s d\u00e9bil de la frontera debido a \u00e1reas ciegas donde las c\u00e1maras no llegan a detectar a los inmigrantes. Durante algo m\u00e1s de una hora, los agentes marroqu\u00edes y los guardias civiles han intentado contener el asalto, aunque finalmente un grupo muy numeroso ha logrado entrar en Ceuta con cizallas para romper la valla, y han usado cal viva y lanzallamas caseros contra los agentes para no ser detenidos.<\/p>\n<p>La Cruz Roja de Ceuta, que ha movilizado a todos sus efectivos en la ciudad aut\u00f3noma, informa de que ha atendido en total a\u00a0592 inmigrantes, de los que\u00a0132 estaban heridos, 11 de ellos han tenido que ser trasladados al hospital por fracturas y heridas provocadas por las concertinas de la valla. Adem\u00e1s, han atendido a 22 agentes, cuatro de ellos evacuados al Hospital Universitario de Ceuta. Los agentes sufren trastornos respiratorios y conjuntivitis tras haber sido rociados con espr\u00e1is caseros y cal viva. Es la primera vez que los inmigrantes usan este tipo de sustancias contra los agentes.<\/p>\n<section id=\"sumario_4|html\" class=\"sumario_html derecha\"><\/section>\n<section id=\"sumario_3|foto\" class=\"sumario_foto centro\"><a name=\"sumario_3\"><\/a><\/p>\n<div class=\"sumario__interior\">\n<figure class=\"foto foto_w980\"><a class=\"enlace\" href=\"https:\/\/elpais.com\/elpais\/2018\/07\/26\/album\/1532592879_567821.html\"><img loading=\"lazy\" decoding=\"async\" src=\"https:\/\/ep01.epimg.net\/politica\/imagenes\/2018\/07\/26\/actualidad\/1532590163_134194_1532596793_sumario_normal.jpg\" srcset=\"\/\/ep01.epimg.net\/politica\/imagenes\/2018\/07\/26\/actualidad\/1532590163_134194_1532596793_sumario_normal_recorte1.jpg 1960w, \/\/ep01.epimg.net\/politica\/imagenes\/2018\/07\/26\/actualidad\/1532590163_134194_1532596793_sumario_normal_recorte2.jpg 720w, \/\/ep01.epimg.net\/politica\/imagenes\/2018\/07\/26\/actualidad\/1532590163_134194_1532596793_sumario_normal.jpg 980w\" alt=\"Varios inmigrantes, con las manos heridas por las concertinas de la valla.\" width=\"980\" height=\"595\" \/><\/a><figcaption class=\"foto-pie\"><span class=\"foto-texto\">Varios inmigrantes, con las manos heridas por las concertinas de la valla.<\/span>\u00a0<span class=\"foto-firma\"><span class=\"foto-autor\">JOAQU\u00cdN S\u00c1NCHEZ<\/span><\/span><\/figcaption><\/figure>\n<div class=\"sumario-texto\"><\/div>\n<\/div>\n<\/section>\n<p>Fuentes policiales han explicado que los agentes presentan adem\u00e1s \u00abgolpes, heridas y quemaduras\u00bb por el uso por parte de los migrantes de una \u00abviolencia inusitada\u00bb que ha incluido hasta la utilizaci\u00f3n de \u00abradiales con bater\u00edas\u00bb para cortar la malla del doble vallado fronterizo. Esa valla todav\u00eda est\u00e1 coronada con alambres con cuchillas (concertinas) que el\u00a0Ministerio del Interior est\u00e1 estudiando sustituir por elementos defensivos\u00a0que causen menos da\u00f1os.<\/p>\n<p>Entre gritos de alegr\u00eda y besando el suelo espa\u00f1ol,\u00a0los inmigrantes han recorrido las calles de la ciudad, en las que ha quedado un reguero de chanclas y prendas,\u00a0y\u00a0se han dirigido directamente al CETI local, que acoge a m\u00e1s de 600 extranjeros, aproximadamente un 15% por encima de su capacidad m\u00e1xima (512 plazas). En el CETI, se estudia montar m\u00f3dulos externos para darles acogida. Se ha perimetrado toda la zona para que nadie se pueda acercar.<\/p>\n<p>La causa del hacinamiento en el CEI es el bloqueo de las salidas hacia la Pen\u00ednsula\u00a0por el colapso del servicio de acogida en el Estrecho, que ha obligado a cientos de personas a dormir al raso o en recientos improvisados tras el continuo flujo de pateras en el sur. Los m\u00e1s de 700 migrantes que han saltado la valla en Ceuta\u00a0se suman a 1.300 personas rescatadas en el Estrecho\u00a0y en el mar de Albor\u00e1n desde el lunes.<\/p>\n<p>Incluso puede tratarse del mayor salto a la valla en la historia de Ceuta, seg\u00fan el diario digital\u00a0<em>El Pueblo de Ceuta<\/em>.\u00a0En lo que va de a\u00f1o, las entradas v\u00eda terrestre por Ceuta \u2014lo que incluye saltos, en los bajos de camiones y en maleteros de coches entre otras formas de acceso\u2014\u00a0ascienden a un millar de personas (571, seg\u00fan las cifras oficiales, m\u00e1s las 592 del salto de esta ma\u00f1ana); las entradas por Melilla suman 2.554 personas, por encima de las cifras de 2017.<\/p>\n<p>Sin embargo, hasta el de hoy este a\u00f1o hab\u00eda habido \u201cuno o ninguno\u201d saltos a la valla, seg\u00fan fuentes policiales, que destacan que el mar hab\u00eda sido la principal v\u00eda de acceso porque Marruecos ten\u00eda perfectamente controlados a los subsaharianos, que malviven en el monte Gurugu a la espera de poder pasar a Espa\u00f1a.<\/p>\n<p>En septiembre del a\u00f1o pasado, tras dos saltos masivos en agosto,\u00a0el entonces\u00a0ministro del Interior, Juan Ignacio Zoido, inform\u00f3 en la comisi\u00f3n del ramo del Congreso de que en lo que iba de a\u00f1o\u00a0se hab\u00edan producido nueve saltos masivos\u00a0con \u00e9xito.\u00a0\u00abEstos intentos se van sucediendo a lo largo del a\u00f1o, es un goteo constante\u00bb, resumi\u00f3.<\/p>\n<p>Las autoridades espa\u00f1olas siempre han defendido los resultados de la cooperaci\u00f3n con Marruecos, aunque en febrero del a\u00f1o pasado el ministro de Agricultura marroqu\u00ed, el empresario Aziz Ajanuch, una de las mayores fortunas del pa\u00eds y amigo personal del rey alahu\u00ed,\u00a0emiti\u00f3 un comunicado\u00a0donde advert\u00eda que cualquier obst\u00e1culo respecto a los acuerdos agr\u00edcolas y de pesca entre Marruecos y la Uni\u00f3n Europea conlleva el riesgo de que se reanude \u201cel flujo migratorio\u201d que Rabat ha sabido \u201cgestionar y mantener\u201d con \u201cesfuerzo sostenido\u201d.<\/p>\n<p>Horas despu\u00e9s declar\u00f3 a Efe: \u201c\u00bfC\u00f3mo quer\u00e9is (los europeos) que hagamos el trabajo de bloquear la emigraci\u00f3n africana y hasta la marroqu\u00ed si hoy Europa no quiere trabajar con nosotros? \u00bfPor qu\u00e9 vamos a seguir haciendo de gendarmes y darles empleo (a los africanos establecidos en Marruecos)? (\u2026) El problema de la emigraci\u00f3n es muy costoso para Marruecos, y Europa debe apreciarlo en su justo valor\u201d.<\/p>\n","protected":false},"excerpt":{"rendered":"<p>La Cruz Roja atiende a 132 inmigrantes y a 22 agentes heridos tras una de las entradas m\u00e1s violentas y masivas de los \u00faltimos tiempos, seg\u00fan la Guardia Civil &nbsp; Un grupo integrado por m\u00e1s de 700 migrantes indocumentados de origen subsahariano ha saltado a primera hora de la ma\u00f1ana de este jueves el vallado [&hellip;]<\/p>\n","protected":false},"author":1,"featured_media":66518,"comment_status":"open","ping_status":"open","sticky":false,"template":"","format":"standard","meta":{"footnotes":""},"categories":[54,85,83],"tags":[],"class_list":["post-66517","post","type-post","status-publish","format-standard","has-post-thumbnail","hentry","category-emigrantes","category-espana","category-reportajes"],"_links":{"self":[{"href":"https:\/\/2horizontes.com\/index.php?rest_route=\/wp\/v2\/posts\/66517","targetHints":{"allow":["GET"]}}],"collection":[{"href":"https:\/\/2horizontes.com\/index.php?rest_route=\/wp\/v2\/posts"}],"about":[{"href":"https:\/\/2horizontes.com\/index.php?rest_route=\/wp\/v2\/types\/post"}],"author":[{"embeddable":true,"href":"https:\/\/2horizontes.com\/index.php?rest_route=\/wp\/v2\/users\/1"}],"replies":[{"embeddable":true,"href":"https:\/\/2horizontes.com\/index.php?rest_route=%2Fwp%2Fv2%2Fcomments&post=66517"}],"version-history":[{"count":1,"href":"https:\/\/2horizontes.com\/index.php?rest_route=\/wp\/v2\/posts\/66517\/revisions"}],"predecessor-version":[{"id":66519,"href":"https:\/\/2horizontes.com\/index.php?rest_route=\/wp\/v2\/posts\/66517\/revisions\/66519"}],"wp:featuredmedia":[{"embeddable":true,"href":"https:\/\/2horizontes.com\/index.php?rest_route=\/wp\/v2\/media\/66518"}],"wp:attachment":[{"href":"https:\/\/2horizontes.com\/index.php?rest_route=%2Fwp%2Fv2%2Fmedia&parent=66517"}],"wp:term":[{"taxonomy":"category","embeddable":true,"href":"https:\/\/2horizontes.com\/index.php?rest_route=%2Fwp%2Fv2%2Fcategories&post=66517"},{"taxonomy":"post_tag","embeddable":true,"href":"https:\/\/2horizontes.com\/index.php?rest_route=%2Fwp%2Fv2%2Ftags&post=66517"}],"curies":[{"name":"wp","href":"https:\/\/api.w.org\/{rel}","templated":true}]}}