{"id":66514,"date":"2018-07-25T22:34:54","date_gmt":"2018-07-25T21:34:54","guid":{"rendered":"http:\/\/2horizontes.com\/?p=66514"},"modified":"2018-07-25T22:34:54","modified_gmt":"2018-07-25T21:34:54","slug":"juego-de-tronos-la-temporada-final-se-estrenara-en-la-primera-mitad-de-2019","status":"publish","type":"post","link":"https:\/\/2horizontes.com\/?p=66514","title":{"rendered":"\u2018Juego de tronos\u2019: la temporada final se estrenar\u00e1 \u201cen la primera mitad\u201d de 2019"},"content":{"rendered":"<p>No habr\u00e1 que esperar al verano del a\u00f1o que viene para ver la temporada final de\u00a0<strong><em>Juego de tronos<\/em><\/strong>, la octava. HBO ha confirmado este mi\u00e9rcoles que el cierre de la serie se ver\u00e1 \u00aben la primera mitad\u00bb de 2019, seg\u00fan ha dicho el jefe de programaci\u00f3n de la cadena Casey Bloys.<\/p>\n<p>Todas las temporadas excepto la s\u00e9ptima, que se emiti\u00f3 en julio y agosto, se han estrenado a finales de marzo o en abril, por lo que se puede esperar que en uno de esos dos meses se estrene la temporada final de\u00a0<em>Juego de tronos<\/em>, que contar\u00e1 con solo seis episodios de al menos una hora cada uno.<\/p>\n<p>Bloys ha hablado tambi\u00e9n de la nueva serie basada en el universo creado por George R. R. Martin en la saga\u00a0<em>Canci\u00f3n de hielo y fuego<\/em>\u00a0y que funcionar\u00e1 como\u00a0precuela de\u00a0<strong><em>Juego de tronos<\/em><\/strong>. El jefe de HBO ha confirmado que la grabaci\u00f3n del episodio piloto no comenzar\u00e1 hasta comienzos de 2019 (se hab\u00eda hablado de que empezar\u00eda el pr\u00f3ximo oto\u00f1o) y que todav\u00eda no se ha hecho el casting. La serie estar\u00e1 ambientada cientos de a\u00f1os antes de lo ocurrido en\u00a0<em>Juego de tronos<\/em>. Adem\u00e1s, la cadena trabaja en otros posibles\u00a0<em>spin-offs<\/em>.<\/p>\n<p><em>Juego de tronos<\/em>, con su s\u00e9ptima temporada (emitida hace un a\u00f1o),\u00a0ha logrado 22 nominaciones a los premios Emmy, los premios de la Academia de Televisi\u00f3n estadounidense, cuya gala se celebrar\u00e1 el pr\u00f3ximo 17 de septiembre. La serie es candidata al premio al mejor drama de la temporada, pero tendr\u00e1 que medirse con duros rivales: la segunda temporada de\u00a0<em>The Handmaid\u2019s Tale<\/em>, triunfadora el a\u00f1o pasado, no se lo pondr\u00e1 f\u00e1cil a los Lannister, Stark y compa\u00f1\u00eda. Compiten tambi\u00e9n por el premio\u00a0<em>The Americans<\/em>\u00a0con su \u00faltima temporada y las segundas entregas de\u00a0<em>The Crown<\/em>,\u00a0<em>Stranger Things<\/em>,\u00a0<em>This Is Us<\/em>\u00a0y\u00a0<em>Westworld<\/em>.<\/p>\n","protected":false},"excerpt":{"rendered":"<p>No habr\u00e1 que esperar al verano del a\u00f1o que viene para ver la temporada final de\u00a0Juego de tronos, la octava. HBO ha confirmado este mi\u00e9rcoles que el cierre de la serie se ver\u00e1 \u00aben la primera mitad\u00bb de 2019, seg\u00fan ha dicho el jefe de programaci\u00f3n de la cadena Casey Bloys. Todas las temporadas excepto [&hellip;]<\/p>\n","protected":false},"author":21320,"featured_media":66515,"comment_status":"open","ping_status":"open","sticky":false,"template":"","format":"standard","meta":{"footnotes":""},"categories":[1],"tags":[],"class_list":["post-66514","post","type-post","status-publish","format-standard","has-post-thumbnail","hentry","category-entretenimiento"],"_links":{"self":[{"href":"https:\/\/2horizontes.com\/index.php?rest_route=\/wp\/v2\/posts\/66514","targetHints":{"allow":["GET"]}}],"collection":[{"href":"https:\/\/2horizontes.com\/index.php?rest_route=\/wp\/v2\/posts"}],"about":[{"href":"https:\/\/2horizontes.com\/index.php?rest_route=\/wp\/v2\/types\/post"}],"author":[{"embeddable":true,"href":"https:\/\/2horizontes.com\/index.php?rest_route=\/wp\/v2\/users\/21320"}],"replies":[{"embeddable":true,"href":"https:\/\/2horizontes.com\/index.php?rest_route=%2Fwp%2Fv2%2Fcomments&post=66514"}],"version-history":[{"count":1,"href":"https:\/\/2horizontes.com\/index.php?rest_route=\/wp\/v2\/posts\/66514\/revisions"}],"predecessor-version":[{"id":66516,"href":"https:\/\/2horizontes.com\/index.php?rest_route=\/wp\/v2\/posts\/66514\/revisions\/66516"}],"wp:featuredmedia":[{"embeddable":true,"href":"https:\/\/2horizontes.com\/index.php?rest_route=\/wp\/v2\/media\/66515"}],"wp:attachment":[{"href":"https:\/\/2horizontes.com\/index.php?rest_route=%2Fwp%2Fv2%2Fmedia&parent=66514"}],"wp:term":[{"taxonomy":"category","embeddable":true,"href":"https:\/\/2horizontes.com\/index.php?rest_route=%2Fwp%2Fv2%2Fcategories&post=66514"},{"taxonomy":"post_tag","embeddable":true,"href":"https:\/\/2horizontes.com\/index.php?rest_route=%2Fwp%2Fv2%2Ftags&post=66514"}],"curies":[{"name":"wp","href":"https:\/\/api.w.org\/{rel}","templated":true}]}}