{"id":66481,"date":"2018-07-24T14:50:58","date_gmt":"2018-07-24T13:50:58","guid":{"rendered":"http:\/\/2horizontes.com\/?p=66481"},"modified":"2018-07-24T15:04:39","modified_gmt":"2018-07-24T14:04:39","slug":"comunicadora-dominicana-en-madrid-presenta-la-tercera-temporada-del-programa-de-radio-cobertura-europea","status":"publish","type":"post","link":"https:\/\/2horizontes.com\/?p=66481","title":{"rendered":"Comunicadora dominicana en Madrid presenta  la tercera temporada del programa de radio Cobertura Europea."},"content":{"rendered":"<p>La periodista Carmen Ram\u00edrez, junto a un gran elenco de comunicadores estar\u00e1n participando en la tercera temporada del programa radial Cobertura Europea \u00a0este ser\u00e1 emitido \u00a0s\u00e1bados y domingos a partir de las 18\u00a0 a 20 de la tarde en\u00a0 \u00a0Radio Coraz\u00f3n Tropical 102.1FM en Madrid<\/p>\n<p>El programa\u00a0 es de genero informativo cubriendo las secciones de\u00a0 entrevistas en vivo, interactuar con \u00e9l p\u00fablico, m\u00fasica, cultura, resumen de noticias de Republica Dominicana, Espa\u00f1a, Puerto Rico y el resto del mundo.<\/p>\n<p>La transmisi\u00f3n cuenta con los \u00a0periodistas dominicanos Olmedo Pineda, Misael P\u00e9rez y la comunicadora Dominga Valdez, \u00a0desde Puerto Rico quienes ser\u00e1n corresponsales v\u00eda telef\u00f3nica.<\/p>\n<p>Mientras que en gabina estar\u00e1 \u00a0la \u00a0\u00a0colombiana Mar\u00eda Alejandra Valega, Jes\u00fas Alfonso Valega y la dominicana Carmen Ram\u00edrez productora general del\u00a0 programa Cobertura Europea.<\/p>\n<p><a href=\"http:\/\/2horizontes.com\/wp-content\/uploads\/2018\/07\/tt-1.jpg\"><img loading=\"lazy\" decoding=\"async\" class=\"size-medium wp-image-66482 alignleft\" src=\"http:\/\/2horizontes.com\/wp-content\/uploads\/2018\/07\/tt-1-300x300.jpg\" alt=\"\" width=\"300\" height=\"300\" srcset=\"https:\/\/2horizontes.com\/wp-content\/uploads\/2018\/07\/tt-1-300x300.jpg 300w, https:\/\/2horizontes.com\/wp-content\/uploads\/2018\/07\/tt-1-150x150.jpg 150w, https:\/\/2horizontes.com\/wp-content\/uploads\/2018\/07\/tt-1-768x768.jpg 768w, https:\/\/2horizontes.com\/wp-content\/uploads\/2018\/07\/tt-1-510x510.jpg 510w, https:\/\/2horizontes.com\/wp-content\/uploads\/2018\/07\/tt-1.jpg 960w\" sizes=\"auto, (max-width: 300px) 100vw, 300px\" \/><\/a><\/p>\n","protected":false},"excerpt":{"rendered":"<p>La periodista Carmen Ram\u00edrez, junto a un gran elenco de comunicadores estar\u00e1n participando en la tercera temporada del programa radial Cobertura Europea \u00a0este ser\u00e1 emitido \u00a0s\u00e1bados y domingos a partir de las 18\u00a0 a 20 de la tarde en\u00a0 \u00a0Radio Coraz\u00f3n Tropical 102.1FM en Madrid El programa\u00a0 es de genero informativo cubriendo las secciones de\u00a0 [&hellip;]<\/p>\n","protected":false},"author":4,"featured_media":47223,"comment_status":"open","ping_status":"open","sticky":false,"template":"","format":"standard","meta":{"footnotes":""},"categories":[46,85,83,44],"tags":[],"class_list":["post-66481","post","type-post","status-publish","format-standard","has-post-thumbnail","hentry","category-dominicanos-en-madrid","category-espana","category-reportajes","category-republica-dominicana"],"_links":{"self":[{"href":"https:\/\/2horizontes.com\/index.php?rest_route=\/wp\/v2\/posts\/66481","targetHints":{"allow":["GET"]}}],"collection":[{"href":"https:\/\/2horizontes.com\/index.php?rest_route=\/wp\/v2\/posts"}],"about":[{"href":"https:\/\/2horizontes.com\/index.php?rest_route=\/wp\/v2\/types\/post"}],"author":[{"embeddable":true,"href":"https:\/\/2horizontes.com\/index.php?rest_route=\/wp\/v2\/users\/4"}],"replies":[{"embeddable":true,"href":"https:\/\/2horizontes.com\/index.php?rest_route=%2Fwp%2Fv2%2Fcomments&post=66481"}],"version-history":[{"count":3,"href":"https:\/\/2horizontes.com\/index.php?rest_route=\/wp\/v2\/posts\/66481\/revisions"}],"predecessor-version":[{"id":66487,"href":"https:\/\/2horizontes.com\/index.php?rest_route=\/wp\/v2\/posts\/66481\/revisions\/66487"}],"wp:featuredmedia":[{"embeddable":true,"href":"https:\/\/2horizontes.com\/index.php?rest_route=\/wp\/v2\/media\/47223"}],"wp:attachment":[{"href":"https:\/\/2horizontes.com\/index.php?rest_route=%2Fwp%2Fv2%2Fmedia&parent=66481"}],"wp:term":[{"taxonomy":"category","embeddable":true,"href":"https:\/\/2horizontes.com\/index.php?rest_route=%2Fwp%2Fv2%2Fcategories&post=66481"},{"taxonomy":"post_tag","embeddable":true,"href":"https:\/\/2horizontes.com\/index.php?rest_route=%2Fwp%2Fv2%2Ftags&post=66481"}],"curies":[{"name":"wp","href":"https:\/\/api.w.org\/{rel}","templated":true}]}}