{"id":66455,"date":"2018-07-20T23:11:34","date_gmt":"2018-07-20T22:11:34","guid":{"rendered":"http:\/\/2horizontes.com\/?p=66455"},"modified":"2018-07-20T23:13:26","modified_gmt":"2018-07-20T22:13:26","slug":"los-encarcelados-rull-forn-y-turull-proponen-la-fusion-del-pdecat-con-la-crida-de-puigdemont","status":"publish","type":"post","link":"https:\/\/2horizontes.com\/?p=66455","title":{"rendered":"Los encarcelados Rull, Forn y Turull proponen la fusi\u00f3n del PDeCAT con la Crida de Puigdemont"},"content":{"rendered":"<figure class=\"main-image\"><figcaption><\/figcaption>&nbsp;<\/figure>\n<div id=\"contentid-0\" class=\"entry-content\">\n<p>A pocos minutos para que empezara el primer congreso del<strong>\u00a0PDeCAT<\/strong>, la situaci\u00f3n no pod\u00eda ser m\u00e1s cr\u00edtica para los neoconvergentes. La coordinadora general,<strong>Marta Pascal,<\/strong>\u00a0se reun\u00eda al mediod\u00eda con los ex consejeros\u00a0<strong>Josep Rull, Quim Forn y Jordi Turull,<\/strong>\u00a0presos en\u00a0<strong>Lledoners<\/strong>, para analizar la situaci\u00f3n y escuchar su opini\u00f3n antes de celebrar el congreso, forzado por los cr\u00edticos.<\/p>\n<p>Por la tarde, fueron dos consejeros en el ala cr\u00edtica y la presidenta del partido en Barcelona, tambi\u00e9n contraria a Pascal, los que visitaban a los tres presos.<\/p>\n<p><strong>Rull, Forn y Turull,<\/strong>\u00a0seg\u00fan ha podido saber<strong>\u00a0OKDIARIO<\/strong>, pidieron a Marta Pascal, que lleva dos a\u00f1os en el cargo, que se aparte y deje la coordinaci\u00f3n general. Una posici\u00f3n compartida con<strong>\u00a0Carles Puigdemont<\/strong>\u00a0y el entorno de<strong>\u00a0Junts per Catalunya<\/strong>, donde residen los cr\u00edticos a Pascal.<\/p>\n<p>Los tres ex consejeros encarcelados y afiliados al PDeCAT tambi\u00e9n han pedido a la coordinadora general que se elimine esta figura en la direcci\u00f3n y que sea el n\u00famero dos del partido,\u00a0<strong>David Bonveh\u00ed<\/strong>, qui\u00e9n asuma la presidencia del partido interinamente, hasta la fusi\u00f3n con la<strong>\u00a0Crida Nacional per la Rep\u00fablica<\/strong>, que tienen que aprobar los asociados.<\/p>\n<p>Los presos tambi\u00e9n han pedido a Pascal que articule una comisi\u00f3n que dirija el partido transitoriamente y que lleve al PDeCAT a la fusi\u00f3n con la Crida Nacional, el nuevo movimiento pol\u00edtico impulsado por Carles Puigdemont,\u00a0<strong>Quim Torra<\/strong>\u00a0y el n\u00famero dos de Junts per Catalunya,\u00a0<strong>Jordi S\u00e0nchez<\/strong><\/p>\n<\/div>\n","protected":false},"excerpt":{"rendered":"<p>&nbsp; A pocos minutos para que empezara el primer congreso del\u00a0PDeCAT, la situaci\u00f3n no pod\u00eda ser m\u00e1s cr\u00edtica para los neoconvergentes. La coordinadora general,Marta Pascal,\u00a0se reun\u00eda al mediod\u00eda con los ex consejeros\u00a0Josep Rull, Quim Forn y Jordi Turull,\u00a0presos en\u00a0Lledoners, para analizar la situaci\u00f3n y escuchar su opini\u00f3n antes de celebrar el congreso, forzado por los [&hellip;]<\/p>\n","protected":false},"author":21320,"featured_media":66458,"comment_status":"open","ping_status":"open","sticky":false,"template":"","format":"standard","meta":{"footnotes":""},"categories":[85,43],"tags":[],"class_list":["post-66455","post","type-post","status-publish","format-standard","has-post-thumbnail","hentry","category-espana","category-politica"],"_links":{"self":[{"href":"https:\/\/2horizontes.com\/index.php?rest_route=\/wp\/v2\/posts\/66455","targetHints":{"allow":["GET"]}}],"collection":[{"href":"https:\/\/2horizontes.com\/index.php?rest_route=\/wp\/v2\/posts"}],"about":[{"href":"https:\/\/2horizontes.com\/index.php?rest_route=\/wp\/v2\/types\/post"}],"author":[{"embeddable":true,"href":"https:\/\/2horizontes.com\/index.php?rest_route=\/wp\/v2\/users\/21320"}],"replies":[{"embeddable":true,"href":"https:\/\/2horizontes.com\/index.php?rest_route=%2Fwp%2Fv2%2Fcomments&post=66455"}],"version-history":[{"count":3,"href":"https:\/\/2horizontes.com\/index.php?rest_route=\/wp\/v2\/posts\/66455\/revisions"}],"predecessor-version":[{"id":66459,"href":"https:\/\/2horizontes.com\/index.php?rest_route=\/wp\/v2\/posts\/66455\/revisions\/66459"}],"wp:featuredmedia":[{"embeddable":true,"href":"https:\/\/2horizontes.com\/index.php?rest_route=\/wp\/v2\/media\/66458"}],"wp:attachment":[{"href":"https:\/\/2horizontes.com\/index.php?rest_route=%2Fwp%2Fv2%2Fmedia&parent=66455"}],"wp:term":[{"taxonomy":"category","embeddable":true,"href":"https:\/\/2horizontes.com\/index.php?rest_route=%2Fwp%2Fv2%2Fcategories&post=66455"},{"taxonomy":"post_tag","embeddable":true,"href":"https:\/\/2horizontes.com\/index.php?rest_route=%2Fwp%2Fv2%2Ftags&post=66455"}],"curies":[{"name":"wp","href":"https:\/\/api.w.org\/{rel}","templated":true}]}}