{"id":66437,"date":"2018-07-19T22:10:55","date_gmt":"2018-07-19T21:10:55","guid":{"rendered":"http:\/\/2horizontes.com\/?p=66437"},"modified":"2018-07-19T22:10:55","modified_gmt":"2018-07-19T21:10:55","slug":"los-dominicanos-acusados-de-pegar-a-policias-en-madrid-ellos-fueron-los-agresores","status":"publish","type":"post","link":"https:\/\/2horizontes.com\/?p=66437","title":{"rendered":"Los dominicanos acusados de pegar a polic\u00edas en Madrid: \u00abEllos fueron los agresores\u00bb"},"content":{"rendered":"<p>Los siete ciudadanos dominicanos acusados de agredir a unos diez agentes de Polic\u00eda Municipal de Madrid y Polic\u00eda Nacional fuera de servicio durante una reyerta en el distrito de Tetu\u00e1n en 2016 han negado su participaci\u00f3n en la batalla campal, y han acusado a los funcionarios de actuar de forma \u00abviolenta y chulesca\u00bb.<\/p>\n<p>La Fiscal\u00eda Provincial de Madrid solicita penas que van desde los 7 a\u00f1os y seis meses de prisi\u00f3n a los ocho meses para este grupo de siete personas. Seg\u00fan su relato, el 6 de marzo de 2016 varios agentes cenaron en un restaurante de Madrid y al salir del local uno de ellos se dirigi\u00f3 a su veh\u00edculo en el que 3 \u00f3 4 de los acusados estaban sentados en el cap\u00f3, con vasos y botellas sobre el mismo.<\/p>\n<p>El principal acusado es Delvys Manuel N.A. que, de acuerdo con el relato del fiscal, \u00abse puso violento\u00bb cuando un polic\u00eda fuera de servicio les pidi\u00f3 que dejaran libre el veh\u00edculo, tras lo que se encar\u00f3 le propin\u00f3 un pu\u00f1etazo en la cara. Tras esto, habr\u00eda propinado un botellazo al agente (sin haber mostrado su placa identificativa) y el resto de los acusados respondieron con pu\u00f1etazos y patadas.<\/p>\n<p>Delvys Manuel N.A., sin embargo, ha negado tal agresi\u00f3n porque se encontraba \u00abdentro del restaurante\u00bb, aunque s\u00ed ha confirmado que peg\u00f3 un pu\u00f1etazo a un agente porque estaban agrediendo a su mujer (Luz Arianny M.F.), que en ese momento se encontraba embarazada de pocas semanas. \u00abDespu\u00e9s un polic\u00eda uniformado me peg\u00f3 un pu\u00f1etazo y me dej\u00f3 KO\u00bb, ha apostillado. Luz Arianny ha criticado que, pese a que \u00abno peg\u00f3 a nadie\u00bb, la llevaron \u00aba rastras por el suelo\u00bb. \u00abQued\u00e9 inconsciente, fueron muy violentos\u00bb, ha lamentado.<\/p>\n<p>Los dos polic\u00edas que detuvieron a Delvys Manuel N.A. han confirmado que actuaron por imperativo de uno de los agredidos, compa\u00f1ero de paisano, reteniendo al acusado hasta que \u00abse volvi\u00f3 loco y comenz\u00f3 a lanzar pu\u00f1etazos y patadas\u00bb. \u00abMe consigui\u00f3 dar un pu\u00f1etazo, raj\u00f3 la cara a un agente e hizo una brecha en la cabeza a otro\u00bb, ha asegurado.<\/p>\n<p><b>BOTELLAZO EN LA CABEZA DE UN AGENTE<\/b><\/p>\n<p>Poco tiempo despu\u00e9s de la presunta agresi\u00f3n de Delvys Manuel, siempre seg\u00fan el Ministerio P\u00fablico, se acercaron el resto de compa\u00f1eros quienes, pese a identificarse como polic\u00edas y a la voz de \u00abalto polic\u00eda\u00bb, fueron recibidos con lanzamiento de objetos \u00abcontundentes\u00bb.<\/p>\n<p>\u00abIncluso otro de los acusados, Nolasco G.G. tuvo tiempo de estrellar una botella de cristal en la cabeza de un agente\u00bb, apostilla el fiscal, mientras que este acusado ha negado que golpeara a nadie y, de hecho, ha defendido que estaba en el interior del restaurante durante la reyerta: \u00abNo vi nada ni particip\u00e9 en nada, me detuvieron despu\u00e9s cuando me iba a casa\u00bb.<\/p>\n<p>Uno de los polic\u00edas de paisano que fue presuntamente agredido ha confirmado este lunes ante el juez la agresi\u00f3n de Nolasco a un agente, al tiempo que ha contado que tuvo que quitar un bate de b\u00e9isbol a otro de los acusados, pero que eso no impidi\u00f3 que el dominicano le propinara un pu\u00f1etazo en la cara.<\/p>\n<p>El dominicano que habr\u00eda portado el bate de b\u00e9isbol ha negado tal circunstancia, as\u00ed como que pegara a cualquiera dentro de la batalla campal: \u00abEstaba en el bar y sal\u00ed porque hab\u00eda mucha gente corriendo, me iba para mi casa y fuimos detenidos de forma chulesca\u00bb. Dada la gravedad del altercado que se hab\u00eda producido en la v\u00eda p\u00fablica se personaron en el lugar de los hechos varias patrullas tanto del Cuerpo Nacional de Polic\u00eda como de la Polic\u00eda Municipal que \u00abtambi\u00e9n fueron recibidos con el lanzamiento de objetos\u00bb.<\/p>\n<p><b>LANZAMIENTO DE UN TRICICLO<\/b><\/p>\n<p>\u00abOtra de las acusadas, Altagracia F.P., lleg\u00f3 a lanzar un triciclo contra una agente y m\u00e1s tarde trat\u00f3 de dar un pu\u00f1etazo a otro, al tiempo que Luz Arianny M.F. agred\u00eda por la espalda a un polic\u00eda local que trataba de separar a los intervinientes en la reyerta\u00bb, asegura el representante del Ministerio P\u00fablico.<\/p>\n<p>Altagracia F.P. ha rechazado la acusaci\u00f3n de que lanzara tal objeto contra un polic\u00eda, sino que sali\u00f3 a ver la pelea porque \u00abestaban pegando\u00bb a su hija, que tiene una minusval\u00eda del 65 por ciento. \u00abElla no estaba en el bar, la dej\u00e9 en casa. Supongo que escuch\u00f3 todo el ruido y baj\u00f3\u00bb, ha comentado. El polic\u00eda que supuestamente recibi\u00f3 el lanzamiento del triciclo en la cara ha confirmado la agresi\u00f3n, y ha contado que mientras la intentaba detener \u00e9sta le lanz\u00f3 \u00abpu\u00f1etazos y ara\u00f1azos\u00bb<\/p>\n","protected":false},"excerpt":{"rendered":"<p>Los siete ciudadanos dominicanos acusados de agredir a unos diez agentes de Polic\u00eda Municipal de Madrid y Polic\u00eda Nacional fuera de servicio durante una reyerta en el distrito de Tetu\u00e1n en 2016 han negado su participaci\u00f3n en la batalla campal, y han acusado a los funcionarios de actuar de forma \u00abviolenta y chulesca\u00bb. La Fiscal\u00eda [&hellip;]<\/p>\n","protected":false},"author":21320,"featured_media":66438,"comment_status":"open","ping_status":"open","sticky":false,"template":"","format":"standard","meta":{"footnotes":""},"categories":[46,54],"tags":[],"class_list":["post-66437","post","type-post","status-publish","format-standard","has-post-thumbnail","hentry","category-dominicanos-en-madrid","category-emigrantes"],"_links":{"self":[{"href":"https:\/\/2horizontes.com\/index.php?rest_route=\/wp\/v2\/posts\/66437","targetHints":{"allow":["GET"]}}],"collection":[{"href":"https:\/\/2horizontes.com\/index.php?rest_route=\/wp\/v2\/posts"}],"about":[{"href":"https:\/\/2horizontes.com\/index.php?rest_route=\/wp\/v2\/types\/post"}],"author":[{"embeddable":true,"href":"https:\/\/2horizontes.com\/index.php?rest_route=\/wp\/v2\/users\/21320"}],"replies":[{"embeddable":true,"href":"https:\/\/2horizontes.com\/index.php?rest_route=%2Fwp%2Fv2%2Fcomments&post=66437"}],"version-history":[{"count":1,"href":"https:\/\/2horizontes.com\/index.php?rest_route=\/wp\/v2\/posts\/66437\/revisions"}],"predecessor-version":[{"id":66439,"href":"https:\/\/2horizontes.com\/index.php?rest_route=\/wp\/v2\/posts\/66437\/revisions\/66439"}],"wp:featuredmedia":[{"embeddable":true,"href":"https:\/\/2horizontes.com\/index.php?rest_route=\/wp\/v2\/media\/66438"}],"wp:attachment":[{"href":"https:\/\/2horizontes.com\/index.php?rest_route=%2Fwp%2Fv2%2Fmedia&parent=66437"}],"wp:term":[{"taxonomy":"category","embeddable":true,"href":"https:\/\/2horizontes.com\/index.php?rest_route=%2Fwp%2Fv2%2Fcategories&post=66437"},{"taxonomy":"post_tag","embeddable":true,"href":"https:\/\/2horizontes.com\/index.php?rest_route=%2Fwp%2Fv2%2Ftags&post=66437"}],"curies":[{"name":"wp","href":"https:\/\/api.w.org\/{rel}","templated":true}]}}