{"id":66409,"date":"2018-07-16T19:36:09","date_gmt":"2018-07-16T18:36:09","guid":{"rendered":"http:\/\/2horizontes.com\/?p=66409"},"modified":"2018-07-16T19:36:09","modified_gmt":"2018-07-16T18:36:09","slug":"tres-hermanos-de-12-8-y-6-anos-se-lanzan-a-una-laguna-y-desaparecen","status":"publish","type":"post","link":"https:\/\/2horizontes.com\/?p=66409","title":{"rendered":"Tres hermanos de 12, 8 y 6 a\u00f1os se lanzan a una laguna y desaparecen"},"content":{"rendered":"<p>SAN PEDRO DE MACOR\u00cdS.- Tres hermanitos fueron reportados desaparecidos tras haberse lanzado\u00a0en una laguna en la comunidad Cayacoita, de San Jos\u00e9 de los Llanos.<\/p>\n<p>Jos\u00e9 Enrique, de 12 a\u00f1os; Ricardito, de 8, y Richard Mota, de 6, se sumergieron el domingo en la laguna y nunca salieron a la superficie, seg\u00fan otro hermano\u00a0de 5 a\u00f1o que los acompa\u00f1aba.<\/p>\n<p>Los menores son hijos de Maura de Le\u00f3n y Antol\u00edn Mota Nieves. Este \u00faltimo dijo\u00a0que sus hijos salieron a volar chichiguas y decidieron ba\u00f1arse en la citada laguna.<\/p>\n<p>Una retroexcavadora cre\u00f3 un canal la ma\u00f1ana de este lunes para disminuir el nivel del agua de la laguna.<\/p>\n<p>En las labores de b\u00fasqueda participan la Defensa Civil,\u00a0el Cuerpo de Bomberos de Guayacanes, la Polic\u00eda y voluntarios.<\/p>\n","protected":false},"excerpt":{"rendered":"<p>SAN PEDRO DE MACOR\u00cdS.- Tres hermanitos fueron reportados desaparecidos tras haberse lanzado\u00a0en una laguna en la comunidad Cayacoita, de San Jos\u00e9 de los Llanos. Jos\u00e9 Enrique, de 12 a\u00f1os; Ricardito, de 8, y Richard Mota, de 6, se sumergieron el domingo en la laguna y nunca salieron a la superficie, seg\u00fan otro hermano\u00a0de 5 a\u00f1o [&hellip;]<\/p>\n","protected":false},"author":1,"featured_media":66410,"comment_status":"open","ping_status":"open","sticky":false,"template":"","format":"standard","meta":{"footnotes":""},"categories":[53,44],"tags":[],"class_list":["post-66409","post","type-post","status-publish","format-standard","has-post-thumbnail","hentry","category-provincias","category-republica-dominicana"],"_links":{"self":[{"href":"https:\/\/2horizontes.com\/index.php?rest_route=\/wp\/v2\/posts\/66409","targetHints":{"allow":["GET"]}}],"collection":[{"href":"https:\/\/2horizontes.com\/index.php?rest_route=\/wp\/v2\/posts"}],"about":[{"href":"https:\/\/2horizontes.com\/index.php?rest_route=\/wp\/v2\/types\/post"}],"author":[{"embeddable":true,"href":"https:\/\/2horizontes.com\/index.php?rest_route=\/wp\/v2\/users\/1"}],"replies":[{"embeddable":true,"href":"https:\/\/2horizontes.com\/index.php?rest_route=%2Fwp%2Fv2%2Fcomments&post=66409"}],"version-history":[{"count":1,"href":"https:\/\/2horizontes.com\/index.php?rest_route=\/wp\/v2\/posts\/66409\/revisions"}],"predecessor-version":[{"id":66411,"href":"https:\/\/2horizontes.com\/index.php?rest_route=\/wp\/v2\/posts\/66409\/revisions\/66411"}],"wp:featuredmedia":[{"embeddable":true,"href":"https:\/\/2horizontes.com\/index.php?rest_route=\/wp\/v2\/media\/66410"}],"wp:attachment":[{"href":"https:\/\/2horizontes.com\/index.php?rest_route=%2Fwp%2Fv2%2Fmedia&parent=66409"}],"wp:term":[{"taxonomy":"category","embeddable":true,"href":"https:\/\/2horizontes.com\/index.php?rest_route=%2Fwp%2Fv2%2Fcategories&post=66409"},{"taxonomy":"post_tag","embeddable":true,"href":"https:\/\/2horizontes.com\/index.php?rest_route=%2Fwp%2Fv2%2Ftags&post=66409"}],"curies":[{"name":"wp","href":"https:\/\/api.w.org\/{rel}","templated":true}]}}