{"id":66390,"date":"2018-07-13T23:11:24","date_gmt":"2018-07-13T22:11:24","guid":{"rendered":"http:\/\/2horizontes.com\/?p=66390"},"modified":"2018-07-13T23:11:24","modified_gmt":"2018-07-13T22:11:24","slug":"4-explosivas-declaraciones-de-donald-trump-en-su-visita-a-reino-unido","status":"publish","type":"post","link":"https:\/\/2horizontes.com\/?p=66390","title":{"rendered":"4 explosivas declaraciones de Donald Trump en su visita a Reino Unido"},"content":{"rendered":"<p class=\"story-body__introduction\">Donald Trump inici\u00f3 su primera visita oficial a Reino Unido cargando duramente contra las autoridades brit\u00e1nicas.<\/p>\n<p>Critic\u00f3 el plan de la primera ministra, Theresa May, para salir de la Uni\u00f3n Europea; calific\u00f3 de terrible el desempe\u00f1o del alcalde de Londres, Sadiq Khan; y tambi\u00e9n acus\u00f3 a la inmigraci\u00f3n de estar cambiando negativamente a la sociedad europea.<\/p>\n<p>Pero luego calific\u00f3 la entrevista en la que dijo todas esas cosas como \u00abnoticias falsas\u00bb (<i>fake news<\/i>).<\/p>\n<p>La entrevista exclusiva de Trump con\u00a0<strong>el tabloide<\/strong><strong>\u00a0brit\u00e1nico\u00a0<\/strong><strong><i>The Sun<\/i><\/strong>\u00a0\u2014un medio amarillista controlado por Rupert Murdoch que llev\u00f3 adelante una campa\u00f1a feroz para convencer a la poblaci\u00f3n de votar a favor del Brexit en el referendo de 2016\u2014 fue publicada este viernes para coincidir con la visita del presidente estadounidense.<\/p>\n<p>Sin embargo, durante una conferencia de prensa que dio junto a May este viernes por la tarde, Trump suaviz\u00f3 su discurso y asegur\u00f3 que no hab\u00eda criticado a su anfitriona.<\/p>\n<figure class=\"media-landscape no-caption full-width\"><span class=\"image-and-copyright-container\"><img loading=\"lazy\" decoding=\"async\" class=\"responsive-image__img js-image-replace\" src=\"https:\/\/ichef.bbci.co.uk\/news\/624\/cpsprodpb\/85D4\/production\/_102506243_mediaitem102516213.jpg\" alt=\"Donald Trump and Theresa May\" width=\"976\" height=\"549\" data-highest-encountered-width=\"624\" \/><\/span><\/figure>\n<div id=\"comp-pattern-library\" class=\"distinct-component-group container-parrot\">\n<aside class=\"parrot\" role=\"region\" aria-label=\"recomendaciones\">\n<p id=\"skip-recommendations\" class=\"off-screen\" tabindex=\"-1\">Fin de las recomendaciones<\/p>\n<\/aside>\n<\/div>\n<p>\u00abYo no critiqu\u00e9 a la Primera Ministra,\u00a0<strong>tengo mucho respeto por la Primera Ministra<\/strong>\u00ab, dijo.<\/p>\n<p>\u00abDesafortunadamente se hizo una historia, que por lo general estuvo bien, pero no incluy\u00f3 lo que dije sobre la Primera Ministra. Y\u00a0<strong>dije cosas estupendas<\/strong>\u00a0(sobre ella)\u00bb, asegur\u00f3 Trump.<\/p>\n<p>Por ello no dud\u00f3 en calificar lo publicado como \u00abnoticias falsas\u00bb, aunque no desminti\u00f3 todas sus afirmaciones pol\u00e9micas.<\/p>\n<p>Y Trump tambi\u00e9n aprovech\u00f3 la entrevista para elogiar tambi\u00e9n al archienemigo de May,<strong>\u00a0el excanciller Boris Johnson<\/strong>, quien dimiti\u00f3 esta semana por sus diferencias con la primera ministra sobre el Brexit.<\/p>\n<p>Aqu\u00ed cuatro de sus frases m\u00e1s pol\u00e9micas (y lo que dijo despu\u00e9s).<\/p>\n<p><strong>1 &#8211;\u00a0<\/strong><strong>Brexit<\/strong><\/p>\n<p>\u00abSi aprueban un acuerdo como ese, estar\u00edamos tratando con la Uni\u00f3n Europea en lugar de con Reino Unido, y eso puede\u00a0<strong>matar probablemente el acuerdo<\/strong>\u00ab, dijo Trump en referencia a la posibilidad de un Brexit \u00abblando\u00bb, que implicar\u00eda mantener v\u00ednculos cercanos con la UE.<\/p>\n<p>\u00abNosotros tenemos bastantes dificultades con la Uni\u00f3n Europea. Ahora estamos tomando medidas m\u00e1s en\u00e9rgicas contra la UE porque no han tratado a EE.UU. en comercio de manera justa\u00bb, agreg\u00f3.<\/p>\n<figure class=\"media-landscape has-caption full-width\"><span class=\"image-and-copyright-container\"><img loading=\"lazy\" decoding=\"async\" class=\"responsive-image__img js-image-replace\" src=\"https:\/\/ichef.bbci.co.uk\/news\/624\/cpsprodpb\/CDFB\/production\/_102513725_hi048122532.jpg\" alt=\"Theresa May y Donald Trump\" width=\"976\" height=\"549\" data-highest-encountered-width=\"624\" \/><span class=\"off-screen\">Derechos de autor de la imagen<\/span><span class=\"story-image-copyright\">GETTY IMAGES<\/span><\/span><figcaption class=\"media-caption\"><span class=\"off-screen\">Image caption<\/span><span class=\"media-caption__text\">\u00abLe dije qu\u00e9 deber\u00eda hacer y c\u00f3mo deb\u00eda negociar\u00bb, insisti\u00f3 Trump, \u00abpero ella no lo hizo. Dir\u00eda que probablemente tom\u00f3 el camino contrario\u00bb, afirm\u00f3 Trump<\/span><\/figcaption><\/figure>\n<p>El mandatario se\u00f1al\u00f3 adem\u00e1s que \u00e9l hubiese hechos las cosas de una manera muy diferente. \u00abDe hecho le dije a Theresa May c\u00f3mo hacerlo, pero ella no estuvo de acuerdo. No me escuch\u00f3\u00bb.<\/p>\n<p>\u00ab<strong>Le dije qu\u00e9 deber\u00eda hacer y c\u00f3mo deb\u00eda negociar<\/strong>\u00ab, insisti\u00f3 Trump, \u00abpero ella no lo hizo. Dir\u00eda que probablemente tom\u00f3 el camino contrario\u00bb.<\/p>\n<p>El plan de May, concluy\u00f3, \u00abprobablemente matar\u00e1 la posibilidad de un acuerdo\u00bb comercial con Estados Unidos.<\/p>\n<p>Sin embargo, durante la conferencia de prensa del viernes junto a May, Trump se\u00f1al\u00f3 que el Brexit era \u00abuna oportunidad incre\u00edble\u00bb y \u00ablo que fuera\u00bb que haga Reino Unido, estaba bien para \u00e9l.<\/p>\n<h2 class=\"story-body__crosshead\">2 &#8211; Inmigraci\u00f3n<\/h2>\n<p>El presidente estadounidense no escatim\u00f3 cr\u00edticas contra la aceptaci\u00f3n de inmigrantes en Europa.<\/p>\n<p><strong>\u00abPermitir la inmigraci\u00f3n en Europa es una verg\u00fcenza\u00bb, repiti\u00f3. \u00abCambi\u00f3 el entramado de Europa\u00bb.<\/strong><\/p>\n<figure class=\"media-landscape has-caption full-width\"><span class=\"image-and-copyright-container\"><img loading=\"lazy\" decoding=\"async\" class=\"responsive-image__img js-image-replace\" src=\"https:\/\/ichef.bbci.co.uk\/news\/624\/cpsprodpb\/11C1B\/production\/_102513727_hi047648700.jpg\" alt=\"Inmigrantes\" width=\"976\" height=\"549\" data-highest-encountered-width=\"624\" \/><span class=\"off-screen\">Derechos de autor de la imagen<\/span><span class=\"story-image-copyright\">REUTERS<\/span><\/span><figcaption class=\"media-caption\"><span class=\"off-screen\">Image caption<\/span><span class=\"media-caption__text\">Seg\u00fan Trump, dejar entrar a Europa a millones de personas es \u00abmuy, muy triste\u00bb.<\/span><\/figcaption><\/figure>\n<p>A menos que se act\u00fae r\u00e1pidamente, Europa no volver\u00e1 a ser lo que era, agreg\u00f3, \u00aby no me refiero (a este cambio) de forma positiva\u00bb.<\/p>\n<p>\u00abPermitir la llegada de millones y millones de personas a Europa es algo muy, muy triste\u00bb, asever\u00f3.<\/p>\n<p>\u00abEst\u00e1n perdiendo su cultura\u00bb, dijo.<\/p>\n<h2 class=\"story-body__crosshead\">3 &#8211; Sadiq Khan<\/h2>\n<p>Quien se llev\u00f3 las peores cr\u00edticas fue el alcalde de Londres, Sadiq Khan.<\/p>\n<p>\u00ab<strong>Ha hecho un trabajo terrible<\/strong>\u00ab, asegur\u00f3 el presidente estadounidense.<\/p>\n<figure class=\"media-landscape has-caption full-width\"><span class=\"image-and-copyright-container\"><img loading=\"lazy\" decoding=\"async\" class=\"responsive-image__img js-image-replace\" src=\"https:\/\/ichef.bbci.co.uk\/news\/624\/cpsprodpb\/16A3B\/production\/_102513729_hi048121121.jpg\" alt=\"Sadiq Khan\" width=\"976\" height=\"549\" data-highest-encountered-width=\"624\" \/><span class=\"off-screen\">Derechos de autor de la imagen<\/span><span class=\"story-image-copyright\">GETTY IMAGES<\/span><\/span><figcaption class=\"media-caption\"><span class=\"off-screen\">Image caption<\/span><span class=\"media-caption__text\">El trabajo de Sadiq Khan, alcalde de Londres, \u00abha sido terrible\u00bb, para Trump.<\/span><\/figcaption><\/figure>\n<p>\u00abMira el terrorismo que ha tenido lugar (&#8230;) Ha hecho un trabajo terrible respecto a la delincuencia\u00bb, se\u00f1al\u00f3, y acto seguido se refiri\u00f3 al estado de los hospitales.<\/p>\n<p>Por otra parte, Trump declar\u00f3 que Khan\u00a0<strong>no hab\u00eda sido hospitalario<\/strong>\u00a0\u00abcon un gobierno que es muy importante\u00bb.<\/p>\n<p>La ciudad de Londres, donde este viernes tienen lugar protestas multitudinarias, no forma parte de la agenda del mandatario.<\/p>\n<figure class=\"media-landscape has-caption full-width\"><span class=\"image-and-copyright-container\"><img loading=\"lazy\" decoding=\"async\" class=\"responsive-image__img js-image-replace\" src=\"https:\/\/ichef.bbci.co.uk\/news\/624\/cpsprodpb\/B11D\/production\/_102514354_hi048121919.jpg\" alt=\"Beb\u00e9 Trump\" width=\"976\" height=\"549\" data-highest-encountered-width=\"624\" \/><span class=\"off-screen\">Derechos de autor de la imagen<\/span><span class=\"story-image-copyright\">GETTY IMAGES<\/span><\/span><figcaption class=\"media-caption\"><span class=\"off-screen\">Image caption<\/span><span class=\"media-caption__text\">Khan autoriz\u00f3 a los manifestantes el uso de un mu\u00f1eco inflable con la apariencia de un Donald Trump beb\u00e9 sobrevolar el Parlamento brit\u00e1nico.<\/span><\/figcaption><\/figure>\n<p>Como parte de las protestas, los manifestantes recibieron permiso de las autoridades de la ciudad para utilizar un globo que representa a\u00a0<strong>Trump en pa\u00f1ales<\/strong>para sobrevolar el Parlamento.<\/p>\n<h2 class=\"story-body__crosshead\">4- Ex ministro de Relaciones Exteriores<\/h2>\n<p>\u00abD\u00e9jame decirte que (Boris Johnson) es un tipo muy talentoso. Me entristeci\u00f3 mucho ver que dejaba el gobierno y espero que regrese en alg\u00fan momento, porque es un gran representante del pa\u00eds\u00bb.<\/p>\n<figure class=\"media-landscape has-caption full-width\"><span class=\"image-and-copyright-container\"><img loading=\"lazy\" decoding=\"async\" class=\"responsive-image__img js-image-replace\" src=\"https:\/\/ichef.bbci.co.uk\/news\/624\/cpsprodpb\/35A3\/production\/_102513731_hi048071879.jpg\" alt=\"Boris Johnson, ex canciller brit\u00e1nico\" width=\"976\" height=\"549\" data-highest-encountered-width=\"624\" \/><span class=\"off-screen\">Derechos de autor de la imagen<\/span><span class=\"story-image-copyright\">GETTY IMAGES<\/span><\/span><figcaption class=\"media-caption\"><span class=\"off-screen\">Image caption<\/span><span class=\"media-caption__text\">Trump se apen\u00f3 por el alejamiento de Johnson del gobierno. Para \u00e9l, Boris Johnson ser\u00eda un gran Primer Ministro.<\/span><\/figcaption><\/figure>\n<p>Johnson, uno de los rostros de la campa\u00f1a a favor de la salida del Reino Unido del bloque comunitario y defensor del Brexit \u00abduro\u00bb, dimiti\u00f3 a comienzos de la semana junto con David Davis, quien en su rol de ministro del Brexit encabezaba las negociaciones con la UE.<\/p>\n<p>En palabras de Trump, Johnson ser\u00eda un gran gobernante.<\/p>\n<p>\u00ab\u00c9l tiene lo que hace falta y\u00a0<strong>tiene la actitud adecuada para ser un gran Primer Ministro<\/strong>\u00ab.<\/p>\n<p>Hasta el momento, la oficina del gobierno brit\u00e1nico no ha respondido a estas declaraciones.<\/p>\n","protected":false},"excerpt":{"rendered":"<p>Donald Trump inici\u00f3 su primera visita oficial a Reino Unido cargando duramente contra las autoridades brit\u00e1nicas. Critic\u00f3 el plan de la primera ministra, Theresa May, para salir de la Uni\u00f3n Europea; calific\u00f3 de terrible el desempe\u00f1o del alcalde de Londres, Sadiq Khan; y tambi\u00e9n acus\u00f3 a la inmigraci\u00f3n de estar cambiando negativamente a la sociedad [&hellip;]<\/p>\n","protected":false},"author":21320,"featured_media":66391,"comment_status":"open","ping_status":"open","sticky":false,"template":"","format":"standard","meta":{"footnotes":""},"categories":[40],"tags":[],"class_list":["post-66390","post","type-post","status-publish","format-standard","has-post-thumbnail","hentry","category-internacionales"],"_links":{"self":[{"href":"https:\/\/2horizontes.com\/index.php?rest_route=\/wp\/v2\/posts\/66390","targetHints":{"allow":["GET"]}}],"collection":[{"href":"https:\/\/2horizontes.com\/index.php?rest_route=\/wp\/v2\/posts"}],"about":[{"href":"https:\/\/2horizontes.com\/index.php?rest_route=\/wp\/v2\/types\/post"}],"author":[{"embeddable":true,"href":"https:\/\/2horizontes.com\/index.php?rest_route=\/wp\/v2\/users\/21320"}],"replies":[{"embeddable":true,"href":"https:\/\/2horizontes.com\/index.php?rest_route=%2Fwp%2Fv2%2Fcomments&post=66390"}],"version-history":[{"count":1,"href":"https:\/\/2horizontes.com\/index.php?rest_route=\/wp\/v2\/posts\/66390\/revisions"}],"predecessor-version":[{"id":66392,"href":"https:\/\/2horizontes.com\/index.php?rest_route=\/wp\/v2\/posts\/66390\/revisions\/66392"}],"wp:featuredmedia":[{"embeddable":true,"href":"https:\/\/2horizontes.com\/index.php?rest_route=\/wp\/v2\/media\/66391"}],"wp:attachment":[{"href":"https:\/\/2horizontes.com\/index.php?rest_route=%2Fwp%2Fv2%2Fmedia&parent=66390"}],"wp:term":[{"taxonomy":"category","embeddable":true,"href":"https:\/\/2horizontes.com\/index.php?rest_route=%2Fwp%2Fv2%2Fcategories&post=66390"},{"taxonomy":"post_tag","embeddable":true,"href":"https:\/\/2horizontes.com\/index.php?rest_route=%2Fwp%2Fv2%2Ftags&post=66390"}],"curies":[{"name":"wp","href":"https:\/\/api.w.org\/{rel}","templated":true}]}}