{"id":66378,"date":"2018-07-13T17:57:42","date_gmt":"2018-07-13T16:57:42","guid":{"rendered":"http:\/\/2horizontes.com\/?p=66378"},"modified":"2018-07-13T17:57:42","modified_gmt":"2018-07-13T16:57:42","slug":"nueva-york-pandillero-de-los-trinitarios-mata-recluso-en-rikers-island","status":"publish","type":"post","link":"https:\/\/2horizontes.com\/?p=66378","title":{"rendered":"NUEVA YORK: Pandillero de \u201cLos Trinitarios\u201d mata recluso en Rikers Island"},"content":{"rendered":"<p>NUEVA YORK.- Un miembro de la pandilla de dominicanos \u201cLos Trinitarios\u201d mat\u00f3 a un recluso en la prisi\u00f3n Rikers Island.<\/p>\n<p>Artemio Rosa, de 27 a\u00f1os, fue donde otro recluso que se encontraba sentado y lo estrangul\u00f3.<\/p>\n<p>La v\u00edctima falleci\u00f3 antes de recibir asistencia m\u00e9dica, informaron medios locales.<\/p>\n<p>Rosa est\u00e1 preso desde hace un mes por maldad criminal, asalto y agresi\u00f3n f\u00edsica.<\/p>\n<div class=\"addtoany_share_save_container addtoany_content_bottom\">\n<div class=\"addtoany_header\">Comparte:<\/div>\n<div class=\"a2a_kit a2a_kit_size_32 addtoany_list\" data-a2a-url=\"http:\/\/almomento.net\/nueva-york-pandillero-de-los-trinitarios-mata-recluso-en-rikers-island\/\" data-a2a-title=\"NUEVA YORK: Pandillero de \u201cLos Trinitarios\u201d mata recluso en Rikers Island\"><\/div>\n<\/div>\n","protected":false},"excerpt":{"rendered":"<p>NUEVA YORK.- Un miembro de la pandilla de dominicanos \u201cLos Trinitarios\u201d mat\u00f3 a un recluso en la prisi\u00f3n Rikers Island. Artemio Rosa, de 27 a\u00f1os, fue donde otro recluso que se encontraba sentado y lo estrangul\u00f3. La v\u00edctima falleci\u00f3 antes de recibir asistencia m\u00e9dica, informaron medios locales. Rosa est\u00e1 preso desde hace un mes por [&hellip;]<\/p>\n","protected":false},"author":4,"featured_media":66379,"comment_status":"open","ping_status":"open","sticky":false,"template":"","format":"standard","meta":{"footnotes":""},"categories":[40,84],"tags":[],"class_list":["post-66378","post","type-post","status-publish","format-standard","has-post-thumbnail","hentry","category-internacionales","category-otras-noticias"],"_links":{"self":[{"href":"https:\/\/2horizontes.com\/index.php?rest_route=\/wp\/v2\/posts\/66378","targetHints":{"allow":["GET"]}}],"collection":[{"href":"https:\/\/2horizontes.com\/index.php?rest_route=\/wp\/v2\/posts"}],"about":[{"href":"https:\/\/2horizontes.com\/index.php?rest_route=\/wp\/v2\/types\/post"}],"author":[{"embeddable":true,"href":"https:\/\/2horizontes.com\/index.php?rest_route=\/wp\/v2\/users\/4"}],"replies":[{"embeddable":true,"href":"https:\/\/2horizontes.com\/index.php?rest_route=%2Fwp%2Fv2%2Fcomments&post=66378"}],"version-history":[{"count":1,"href":"https:\/\/2horizontes.com\/index.php?rest_route=\/wp\/v2\/posts\/66378\/revisions"}],"predecessor-version":[{"id":66380,"href":"https:\/\/2horizontes.com\/index.php?rest_route=\/wp\/v2\/posts\/66378\/revisions\/66380"}],"wp:featuredmedia":[{"embeddable":true,"href":"https:\/\/2horizontes.com\/index.php?rest_route=\/wp\/v2\/media\/66379"}],"wp:attachment":[{"href":"https:\/\/2horizontes.com\/index.php?rest_route=%2Fwp%2Fv2%2Fmedia&parent=66378"}],"wp:term":[{"taxonomy":"category","embeddable":true,"href":"https:\/\/2horizontes.com\/index.php?rest_route=%2Fwp%2Fv2%2Fcategories&post=66378"},{"taxonomy":"post_tag","embeddable":true,"href":"https:\/\/2horizontes.com\/index.php?rest_route=%2Fwp%2Fv2%2Ftags&post=66378"}],"curies":[{"name":"wp","href":"https:\/\/api.w.org\/{rel}","templated":true}]}}