{"id":66320,"date":"2018-07-11T13:36:39","date_gmt":"2018-07-11T12:36:39","guid":{"rendered":"http:\/\/2horizontes.com\/?p=66320"},"modified":"2018-07-11T13:36:39","modified_gmt":"2018-07-11T12:36:39","slug":"el-juez-archiva-la-causa-del-nino-que-murio-aplastado-por-un-arbol-en-el-retiro","status":"publish","type":"post","link":"https:\/\/2horizontes.com\/?p=66320","title":{"rendered":"El juez archiva la causa del ni\u00f1o que muri\u00f3 aplastado por un \u00e1rbol en el Retiro"},"content":{"rendered":"<h2 class=\"articulo-subtitulo\">El tribunal no ve delito en que el Ayuntamiento no desalojase el parque a causa de los fuertes vientos previstos para ese d\u00eda<\/h2>\n<p>El juez que lleva\u00a0el caso del ni\u00f1o de cuatro a\u00f1os que muri\u00f3 aplastado por un \u00e1rbol en el parque del Retiro\u00a0el pasado 24 de diciembre ha decidido archivar la causa y decretar el sobreseimiento provisional tras no ver delito en que el Ayuntamiento no cerrase el recinto ese d\u00eda ya que, seg\u00fan la Agencia Estatal de Meteorolog\u00eda, \u00ablos vientos previstos para ese d\u00eda no ten\u00edan la fuerza suficiente para activar la alerta roja, determinante del cierre del parque\u00bb.<\/p>\n<p>Seg\u00fan el auto, dictado por el Juzgado de Instrucci\u00f3n n\u00famero 43 de Madrid, el \u00e1rbol que cay\u00f3 sobre el ni\u00f1o hab\u00eda sido examinado dos d\u00edas antes del incidente y en el informe emitido por el Ayuntamiento\u00a0no se aprecian indicios de que hubiera riesgo de ca\u00edda\u00a0(abombamientos del terreno, incremento de la inclinaci\u00f3n o separaci\u00f3n del terreno).<\/p>\n<p>Pese a que no se preve\u00edan vientos superiores de 85 kil\u00f3metros por hora, el Consistorio decidi\u00f3 por razones de seguridad desalojar el parque a las 12.56 horas, que se alarg\u00f3 hasta las 14.55. En ese intervalo de tiempo \u2014 sobre las una y media de la tarde\u2014 un pino de grandes dimensiones cay\u00f3 sobre el menor mientras iba montado en patinete\u00a0y su padre lo vigilaba de lejos. Varias unidades m\u00f3viles del Samur se desplazaron hasta el lugar de los hechos, pero solo pudieron certificar la muerte del peque\u00f1o. El padre sufri\u00f3 una crisis de ansiedad y fue trasladado a un hospital debido a varias heridas en la pierna provocadas por el mismo \u00e1rbol que aplast\u00f3 a su hijo y que tambi\u00e9n le alcanz\u00f3 a \u00e9l.<\/p>\n","protected":false},"excerpt":{"rendered":"<p>El tribunal no ve delito en que el Ayuntamiento no desalojase el parque a causa de los fuertes vientos previstos para ese d\u00eda El juez que lleva\u00a0el caso del ni\u00f1o de cuatro a\u00f1os que muri\u00f3 aplastado por un \u00e1rbol en el parque del Retiro\u00a0el pasado 24 de diciembre ha decidido archivar la causa y decretar [&hellip;]<\/p>\n","protected":false},"author":4,"featured_media":66321,"comment_status":"open","ping_status":"open","sticky":false,"template":"","format":"standard","meta":{"footnotes":""},"categories":[85],"tags":[],"class_list":["post-66320","post","type-post","status-publish","format-standard","has-post-thumbnail","hentry","category-espana"],"_links":{"self":[{"href":"https:\/\/2horizontes.com\/index.php?rest_route=\/wp\/v2\/posts\/66320","targetHints":{"allow":["GET"]}}],"collection":[{"href":"https:\/\/2horizontes.com\/index.php?rest_route=\/wp\/v2\/posts"}],"about":[{"href":"https:\/\/2horizontes.com\/index.php?rest_route=\/wp\/v2\/types\/post"}],"author":[{"embeddable":true,"href":"https:\/\/2horizontes.com\/index.php?rest_route=\/wp\/v2\/users\/4"}],"replies":[{"embeddable":true,"href":"https:\/\/2horizontes.com\/index.php?rest_route=%2Fwp%2Fv2%2Fcomments&post=66320"}],"version-history":[{"count":1,"href":"https:\/\/2horizontes.com\/index.php?rest_route=\/wp\/v2\/posts\/66320\/revisions"}],"predecessor-version":[{"id":66322,"href":"https:\/\/2horizontes.com\/index.php?rest_route=\/wp\/v2\/posts\/66320\/revisions\/66322"}],"wp:featuredmedia":[{"embeddable":true,"href":"https:\/\/2horizontes.com\/index.php?rest_route=\/wp\/v2\/media\/66321"}],"wp:attachment":[{"href":"https:\/\/2horizontes.com\/index.php?rest_route=%2Fwp%2Fv2%2Fmedia&parent=66320"}],"wp:term":[{"taxonomy":"category","embeddable":true,"href":"https:\/\/2horizontes.com\/index.php?rest_route=%2Fwp%2Fv2%2Fcategories&post=66320"},{"taxonomy":"post_tag","embeddable":true,"href":"https:\/\/2horizontes.com\/index.php?rest_route=%2Fwp%2Fv2%2Ftags&post=66320"}],"curies":[{"name":"wp","href":"https:\/\/api.w.org\/{rel}","templated":true}]}}