{"id":66279,"date":"2018-07-10T10:18:51","date_gmt":"2018-07-10T09:18:51","guid":{"rendered":"http:\/\/2horizontes.com\/?p=66279"},"modified":"2018-07-10T10:18:51","modified_gmt":"2018-07-10T09:18:51","slug":"el-real-madrid-da-por-perdido-a-cristiano","status":"publish","type":"post","link":"https:\/\/2horizontes.com\/?p=66279","title":{"rendered":"El Real Madrid da por perdido a Cristiano"},"content":{"rendered":"<p>El Real Madrid asume que la etapa de Cristiano Ronaldo en Chamart\u00edn est\u00e1 a punto de terminarse. El agente del delantero, Jorge Mendes, le comunic\u00f3 al director general del club, Jos\u00e9 \u00c1ngel S\u00e1nchez, que su jugador, de 33 a\u00f1os,\u00a0tiene decidido marcharse a la Juve, el \u00fanico equipo que no le cerr\u00f3 la puerta y que le ha hecho una oferta. La cl\u00e1usula de CR, con contrato hasta 2021, es de 1.000 millones de euros, pero el precio de salida que ha fijado el club blanco es de 100 millones (cuatro m\u00e1s de lo que cost\u00f3 en 2009). En las oficinas del Santiago Bernab\u00e9u est\u00e1n a la espera de que el club italiano re\u00fana esa cantidad y les llame para as\u00ed cerrar el traspaso.<\/p>\n<div id=\"elpais_gpt-INTEXT\" data-google-query-id=\"COvr2oWZlNwCFYhh0wodc0QOkw\">\n<div id=\"google_ads_iframe_\/7811748\/elpais_web\/deportes\/intext_0__container__\"><iframe id=\"google_ads_iframe_\/7811748\/elpais_web\/deportes\/intext_0\" title=\"3rd party ad content\" name=\"google_ads_iframe_\/7811748\/elpais_web\/deportes\/intext_0\" width=\"1\" height=\"1\" frameborder=\"0\" marginwidth=\"0\" marginheight=\"0\" scrolling=\"no\" data-mce-fragment=\"1\"><\/iframe><\/div>\n<\/div>\n<p>Asumen en el Madrid que la situaci\u00f3n con el portugu\u00e9s ha ido \u201cdemasiado lejos\u201d. No s\u00f3lo por las frases que pronunci\u00f3 en Kiev a finales de mayo y que reventaron la fiesta de la decimotercera Champions, sino tambi\u00e9n porque desde hace un a\u00f1o el tira y afloja ha sido constante, as\u00ed como los pulsos que ha ido echando el jugador. Ese continuo \u201cme quedo, me voy, me quedo, me voy\u201d ha colmado la paciencia de todos. Esa situaci\u00f3n, creen en el club, no puede seguir. Por lo que entienden que la marcha de Cristiano, que la semana pasada recibi\u00f3 una oferta de la Juve y que se siente halagado por el inter\u00e9s de Andrea Agnelli de convertirle en el pilar del equipo, el l\u00edder que necesitan para ganar la Champions, es lo mejor para las dos partes.<\/p>\n<div class=\"teads-inread sm-screen\">\n<div class=\"teads-ui-components-label\"><\/div>\n<\/div>\n<p>\u201cEn los pr\u00f3ximos d\u00edas dar\u00e9 una respuesta a los aficionados, que ellos s\u00ed han estado siempre de mi lado. Fue muy bonito estar en el Real Madrid\u201d, declar\u00f3 a pie de campo, despu\u00e9s de la victoria contra el Liverpool el 26 de mayor, mientras sus compa\u00f1eros festejaban la tercera orejona seguida. Horas m\u00e1s tarde, en zona mixta, dijo que no pod\u00eda asegurar que fuera a seguir y afirm\u00f3 que las cosas \u201cno se arreglan s\u00f3lo con dinero\u201d y que \u201cla vida no es s\u00f3lo gloria\u201d. El protagonismo que no tuvo en el terreno de juego en la final \u2014Bale marc\u00f3 dos goles, uno de chilena\u2014, lo busc\u00f3 delante de c\u00e1maras y micr\u00f3fonos.<\/p>\n<p>Al d\u00eda siguiente, en las fiestas institucionales, Cristiano recul\u00f3. Se despidi\u00f3 de la afici\u00f3n con un \u201cgracias y hasta el pr\u00f3ximo a\u00f1o\u201d y mientras sus compa\u00f1eros le arropaban cant\u00e1ndole \u201cCristiano qu\u00e9date\u201d, se dirigi\u00f3 al p\u00fablico del Bernab\u00e9u para dar las gracias. \u201cEstoy muy a gusto con vuestra pasi\u00f3n, con estos futbolistas y t\u00e9cnicos que me dan motivos para ser mejor cada d\u00eda. Es un orgullo jugar en este club, el m\u00e1s grande del mundo\u201d, asegur\u00f3. Menos de dos semanas despu\u00e9s, antes de que Portugal se marchara a Rusia para el Mundial, el diario portugu\u00e9s\u00a0<em>Record<\/em>\u00a0aseguraba en su portada que el delantero hab\u00eda tomado la decisi\u00f3n de dejar el Real Madrid este verano y que era algo \u201cirreversible\u201d. Lo mismo ocurri\u00f3 el verano anterior, antes de la Copa Confederaciones. En aquella ocasi\u00f3n fue el diario\u00a0<em>A Bola<\/em>\u00a0el que public\u00f3 en portada que CR hab\u00eda decidido abandonar Espa\u00f1a, cansado de sentirse maltratado por sus problemas con Hacienda. Tambi\u00e9n se calificaba la decisi\u00f3n de \u201cirreversible\u201d.<\/p>\n<p>Cristiano se qued\u00f3. Pero todas las veces que pudo lanz\u00f3 la pelota al tejado del presidente del Madrid, Florentino P\u00e9rez, diciendo que no depend\u00eda de \u00e9l terminar su carrera en club blanco, equipo al que lleg\u00f3 en el verano de 2009. Que a \u00e9l le gustar\u00eda retirarse vestido de blanco, pero que no mandaba. Buscaba Cristiano una subida de sueldo (cobra unos 23 millones de euros) que le acercara a Neymar (unos 37) y Messi (casi 50). El club de Chamart\u00edn no estaba dispuesto a ofrec\u00e9rsela al considerar que ya se le mejor\u00f3 el contrato en la \u00faltima renovaci\u00f3n (pas\u00f3 de 18 a 23).<\/p>\n<h3>Seguir siendo l\u00edder<\/h3>\n<p>El portugu\u00e9s, que cumplir\u00e1 34 a\u00f1os en febrero, tiene contrato con el Real Madrid hasta 2021. Si la Juve re\u00fane finalmente el dinero para el traspaso, el sueldo y las comisiones \u2014unos 350 millones que en Italia han definido como un ejercicio de ingenier\u00eda\u2014, CR se marchar\u00e1 tres a\u00f1os antes de lo que ten\u00eda previsto cuando renov\u00f3 en noviembre de 2016. \u201cEl f\u00fatbol no tiene memoria, pero t\u00fa s\u00ed [dirigi\u00e9ndose al presidente, Florentino P\u00e9rez] y el Real Madrid tambi\u00e9n. Quiero seguir haciendo historia\u201d, dijo esa tarde en el palco de honor. Se refer\u00eda a todo aquel que lo hab\u00eda criticado. Todas las dem\u00e1s renovaciones se hab\u00edan firmado en la sala de prensa, pero Florentino P\u00e9rez accedi\u00f3 a la petici\u00f3n de Cristiano y mont\u00f3 el acto en el palco. El portugu\u00e9s quer\u00eda sentirse \u00fanico.<\/p>\n<p>Ahora ha decidido hacerlo en otro equipo y en otra liga, donde podr\u00e1, de cerrarse el traspaso,\u00a0<em>envejecer<\/em>\u00a0sin dejar de ser el l\u00edder indiscutible. La marcha del portugu\u00e9s, con 450 goles en 438 partidos con la camiseta del Madrid, dejar\u00eda el ataque hu\u00e9rfano. En el club siguen mirando de reojo los movimientos de Neymar, el principal candidato para sustituir a Cristiano.<\/p>\n","protected":false},"excerpt":{"rendered":"<p>El Real Madrid asume que la etapa de Cristiano Ronaldo en Chamart\u00edn est\u00e1 a punto de terminarse. El agente del delantero, Jorge Mendes, le comunic\u00f3 al director general del club, Jos\u00e9 \u00c1ngel S\u00e1nchez, que su jugador, de 33 a\u00f1os,\u00a0tiene decidido marcharse a la Juve, el \u00fanico equipo que no le cerr\u00f3 la puerta y que [&hellip;]<\/p>\n","protected":false},"author":4,"featured_media":66280,"comment_status":"open","ping_status":"open","sticky":false,"template":"","format":"standard","meta":{"footnotes":""},"categories":[42,85],"tags":[],"class_list":["post-66279","post","type-post","status-publish","format-standard","has-post-thumbnail","hentry","category-deportes","category-espana"],"_links":{"self":[{"href":"https:\/\/2horizontes.com\/index.php?rest_route=\/wp\/v2\/posts\/66279","targetHints":{"allow":["GET"]}}],"collection":[{"href":"https:\/\/2horizontes.com\/index.php?rest_route=\/wp\/v2\/posts"}],"about":[{"href":"https:\/\/2horizontes.com\/index.php?rest_route=\/wp\/v2\/types\/post"}],"author":[{"embeddable":true,"href":"https:\/\/2horizontes.com\/index.php?rest_route=\/wp\/v2\/users\/4"}],"replies":[{"embeddable":true,"href":"https:\/\/2horizontes.com\/index.php?rest_route=%2Fwp%2Fv2%2Fcomments&post=66279"}],"version-history":[{"count":1,"href":"https:\/\/2horizontes.com\/index.php?rest_route=\/wp\/v2\/posts\/66279\/revisions"}],"predecessor-version":[{"id":66281,"href":"https:\/\/2horizontes.com\/index.php?rest_route=\/wp\/v2\/posts\/66279\/revisions\/66281"}],"wp:featuredmedia":[{"embeddable":true,"href":"https:\/\/2horizontes.com\/index.php?rest_route=\/wp\/v2\/media\/66280"}],"wp:attachment":[{"href":"https:\/\/2horizontes.com\/index.php?rest_route=%2Fwp%2Fv2%2Fmedia&parent=66279"}],"wp:term":[{"taxonomy":"category","embeddable":true,"href":"https:\/\/2horizontes.com\/index.php?rest_route=%2Fwp%2Fv2%2Fcategories&post=66279"},{"taxonomy":"post_tag","embeddable":true,"href":"https:\/\/2horizontes.com\/index.php?rest_route=%2Fwp%2Fv2%2Ftags&post=66279"}],"curies":[{"name":"wp","href":"https:\/\/api.w.org\/{rel}","templated":true}]}}