{"id":66267,"date":"2018-07-07T16:16:26","date_gmt":"2018-07-07T15:16:26","guid":{"rendered":"http:\/\/2horizontes.com\/?p=66267"},"modified":"2018-07-07T16:16:26","modified_gmt":"2018-07-07T15:16:26","slug":"roberto-salcedo-es-imperativo-pld-aplique-resoluciones-de-viii-congreso","status":"publish","type":"post","link":"https:\/\/2horizontes.com\/?p=66267","title":{"rendered":"Roberto Salcedo: Es imperativo PLD aplique resoluciones de VIII Congreso"},"content":{"rendered":"<div class=\"post_author\">\n<ul>\n<li><b>Por\u00a0<\/b><b>ALI NU\u00d1EZ<\/b><b><\/b>\u00a0<i class=\"fa fa-facebook\"><\/i>\u00a0<i class=\"fa fa-twitter \"><\/i>\u00a0<i class=\"fa fa-google-plus \"><\/i>\u00a0<i class=\"fa fa-whatsapp \"><\/i><\/li>\n<\/ul>\n<\/div>\n<div class=\"entry-content\">\n<p>SANTO DOMINGO, Rep\u00fablica Dominicana.- El miembro del Comit\u00e9 Central del PLD, Roberto Salcedo,\u00a0 consider\u00f3 que se hace m\u00e1s que necesario\u00a0\u00a0que en esa organizaci\u00f3n se apliquen las resoluciones a que se arrib\u00f3\u00a0\u00a0en el VIII Congreso Ordinario Comandante Norge Botello.<\/p>\n<p>Manifest\u00f3 que de esa forma se podr\u00e1 tener una organizaci\u00f3n mucho m\u00e1s vinculada a la sociedad y a su gobierno.<\/p>\n<p>Entrevistado en un programa radial,\u00a0\u00a0dijo que los partidos pol\u00edticos, todos, requieren de una reflexi\u00f3n a profundidad para determinar lo que quiere y aspira la gente y los electores.<\/p>\n<p>\u201cNosotros hicimos esa reflexi\u00f3n en el congreso pasado, a partir del cual se establece la urgencia de que el partido desarrolle\u00a0\u00a0v\u00ednculos mucho m\u00e1s estrechos con el gobierno y con la sociedad\u201d, se\u00f1al\u00f3.<\/p>\n<p>Es de opini\u00f3n que los partidos pol\u00edticos tienen que escuchar a la gente y actuar en consonancia con sus expectativas. \u201cLos electores no solo deben indagar sobre el perfil\u00a0 de un candidato o candidata sino tambi\u00e9n en la articulaci\u00f3n de pol\u00edticas que se traduzcan real y efectivamente en beneficio de la poblaci\u00f3n\u201d.<\/p>\n<p>Salcedo sostiene que en el PLD tiene que entenderse que son muchos los preocupados porque las cosas mejoren o cambien a su favor y que no necesariamente una postura en ese sentido es una posici\u00f3n de grupo o desafecta a la gesti\u00f3n de gobierno.<\/p>\n<\/div>\n","protected":false},"excerpt":{"rendered":"<p>Por\u00a0ALI NU\u00d1EZ\u00a0\u00a0\u00a0\u00a0 SANTO DOMINGO, Rep\u00fablica Dominicana.- El miembro del Comit\u00e9 Central del PLD, Roberto Salcedo,\u00a0 consider\u00f3 que se hace m\u00e1s que necesario\u00a0\u00a0que en esa organizaci\u00f3n se apliquen las resoluciones a que se arrib\u00f3\u00a0\u00a0en el VIII Congreso Ordinario Comandante Norge Botello. Manifest\u00f3 que de esa forma se podr\u00e1 tener una organizaci\u00f3n mucho m\u00e1s vinculada a la [&hellip;]<\/p>\n","protected":false},"author":4,"featured_media":66268,"comment_status":"open","ping_status":"open","sticky":false,"template":"","format":"standard","meta":{"footnotes":""},"categories":[43,44],"tags":[],"class_list":["post-66267","post","type-post","status-publish","format-standard","has-post-thumbnail","hentry","category-politica","category-republica-dominicana"],"_links":{"self":[{"href":"https:\/\/2horizontes.com\/index.php?rest_route=\/wp\/v2\/posts\/66267","targetHints":{"allow":["GET"]}}],"collection":[{"href":"https:\/\/2horizontes.com\/index.php?rest_route=\/wp\/v2\/posts"}],"about":[{"href":"https:\/\/2horizontes.com\/index.php?rest_route=\/wp\/v2\/types\/post"}],"author":[{"embeddable":true,"href":"https:\/\/2horizontes.com\/index.php?rest_route=\/wp\/v2\/users\/4"}],"replies":[{"embeddable":true,"href":"https:\/\/2horizontes.com\/index.php?rest_route=%2Fwp%2Fv2%2Fcomments&post=66267"}],"version-history":[{"count":1,"href":"https:\/\/2horizontes.com\/index.php?rest_route=\/wp\/v2\/posts\/66267\/revisions"}],"predecessor-version":[{"id":66269,"href":"https:\/\/2horizontes.com\/index.php?rest_route=\/wp\/v2\/posts\/66267\/revisions\/66269"}],"wp:featuredmedia":[{"embeddable":true,"href":"https:\/\/2horizontes.com\/index.php?rest_route=\/wp\/v2\/media\/66268"}],"wp:attachment":[{"href":"https:\/\/2horizontes.com\/index.php?rest_route=%2Fwp%2Fv2%2Fmedia&parent=66267"}],"wp:term":[{"taxonomy":"category","embeddable":true,"href":"https:\/\/2horizontes.com\/index.php?rest_route=%2Fwp%2Fv2%2Fcategories&post=66267"},{"taxonomy":"post_tag","embeddable":true,"href":"https:\/\/2horizontes.com\/index.php?rest_route=%2Fwp%2Fv2%2Ftags&post=66267"}],"curies":[{"name":"wp","href":"https:\/\/api.w.org\/{rel}","templated":true}]}}