{"id":6624,"date":"2015-05-11T07:53:02","date_gmt":"2015-05-11T06:53:02","guid":{"rendered":"http:\/\/2horizontes.com\/?p=6624"},"modified":"2015-05-11T07:53:02","modified_gmt":"2015-05-11T06:53:02","slug":"mueren-4-militares-colombianos-al-caer-helicoptero-en-zona-de-presencia-farc","status":"publish","type":"post","link":"https:\/\/2horizontes.com\/?p=6624","title":{"rendered":"Mueren 4 militares colombianos al caer helic\u00f3ptero en zona de presencia FARC"},"content":{"rendered":"<div id=\"ArticleAuthorDiv\" class=\"article-body-author\"><b>EFE<\/b><\/div>\n<div id=\"ArticleSourceDiv\" class=\"article-body-author\"><b>Bogot\u00e1<\/b><\/div>\n<div id=\"ArticleBody\">\n<p>Cuatro militares colombianos murieron y dos resultaron heridos por la ca\u00edda de un helic\u00f3ptero Black Hawk del Ej\u00e9rcito en una zona del departamento del Meta (centro) con fuerte presencia de la guerrilla de las FARC, informaron fuentes castrenses.<\/p>\n<p>El aparato cay\u00f3 en una zona rural del municipio de La Uribe (Meta) por causas que son objeto de investigaci\u00f3n.<\/p>\n<p>El Ej\u00e9rcito lament\u00f3 la muerte de los militares que iban a bordo y explic\u00f3 que los dos heridos fueron trasladados a un hospital y se encuentran fuera de peligro.<\/p>\n<p>Un comunicado de la instituci\u00f3n se\u00f1al\u00f3 que los primeros indicios apuntan a \u00abfallas t\u00e9cnicas\u00bb, si bien expertos se desplazar\u00e1n hasta la zona para determinar las razones del siniestro.<\/p>\n<p>Por otra parte, la Fuerza A\u00e9rea se\u00f1al\u00f3 en su cuenta de Twitter que un avi\u00f3n fantasma brind\u00f3 seguridad en la zona para la evacuaci\u00f3n de los cuerpos de los fallecidos.<\/p>\n<p>La ca\u00edda del helic\u00f3ptero se produjo en los alrededores de La Uribe, una zona hist\u00f3ricamente dominada por la guerrilla de las FARC.<\/p>\n<p>Los fallecidos fueron identificados como el capit\u00e1n Fabi\u00e1n Villamar\u00edn Santamar\u00eda, piloto de la aeronave, el cabo Cristi\u00e1n Torres Rodr\u00edguez y los soldados Jaime Romero Pe\u00f1a y Freddy D\u00edaz Garc\u00eda.<\/p>\n<\/div>\n","protected":false},"excerpt":{"rendered":"<p>EFE Bogot\u00e1 Cuatro militares colombianos murieron y dos resultaron heridos por la ca\u00edda de un helic\u00f3ptero Black Hawk del Ej\u00e9rcito en una zona del departamento del Meta (centro) con fuerte presencia de la guerrilla de las FARC, informaron fuentes castrenses. El aparato cay\u00f3 en una zona rural del municipio de La Uribe (Meta) por causas [&hellip;]<\/p>\n","protected":false},"author":7,"featured_media":6625,"comment_status":"open","ping_status":"open","sticky":false,"template":"","format":"standard","meta":{"footnotes":""},"categories":[50,40],"tags":[],"class_list":["post-6624","post","type-post","status-publish","format-standard","has-post-thumbnail","hentry","category-colombia","category-internacionales"],"_links":{"self":[{"href":"https:\/\/2horizontes.com\/index.php?rest_route=\/wp\/v2\/posts\/6624","targetHints":{"allow":["GET"]}}],"collection":[{"href":"https:\/\/2horizontes.com\/index.php?rest_route=\/wp\/v2\/posts"}],"about":[{"href":"https:\/\/2horizontes.com\/index.php?rest_route=\/wp\/v2\/types\/post"}],"author":[{"embeddable":true,"href":"https:\/\/2horizontes.com\/index.php?rest_route=\/wp\/v2\/users\/7"}],"replies":[{"embeddable":true,"href":"https:\/\/2horizontes.com\/index.php?rest_route=%2Fwp%2Fv2%2Fcomments&post=6624"}],"version-history":[{"count":1,"href":"https:\/\/2horizontes.com\/index.php?rest_route=\/wp\/v2\/posts\/6624\/revisions"}],"predecessor-version":[{"id":6626,"href":"https:\/\/2horizontes.com\/index.php?rest_route=\/wp\/v2\/posts\/6624\/revisions\/6626"}],"wp:featuredmedia":[{"embeddable":true,"href":"https:\/\/2horizontes.com\/index.php?rest_route=\/wp\/v2\/media\/6625"}],"wp:attachment":[{"href":"https:\/\/2horizontes.com\/index.php?rest_route=%2Fwp%2Fv2%2Fmedia&parent=6624"}],"wp:term":[{"taxonomy":"category","embeddable":true,"href":"https:\/\/2horizontes.com\/index.php?rest_route=%2Fwp%2Fv2%2Fcategories&post=6624"},{"taxonomy":"post_tag","embeddable":true,"href":"https:\/\/2horizontes.com\/index.php?rest_route=%2Fwp%2Fv2%2Ftags&post=6624"}],"curies":[{"name":"wp","href":"https:\/\/api.w.org\/{rel}","templated":true}]}}