{"id":66237,"date":"2018-07-02T18:06:47","date_gmt":"2018-07-02T17:06:47","guid":{"rendered":"http:\/\/2horizontes.com\/?p=66237"},"modified":"2018-07-02T18:06:47","modified_gmt":"2018-07-02T17:06:47","slug":"comunidad-lgbti-r-dominicana-reclama-respeto-e-inclusion","status":"publish","type":"post","link":"https:\/\/2horizontes.com\/?p=66237","title":{"rendered":"Comunidad LGBTI R. Dominicana reclama respeto e inclusi\u00f3n"},"content":{"rendered":"<div class=\"post_author\">\n<div class=\"buttons\" data-element=\"buttons\"><\/div>\n<\/div>\n<div class=\"entry-content\">\n<p><iframe loading=\"lazy\" src=\"https:\/\/www.youtube.com\/embed\/RuZamJR0QkI?feature=oembed\" width=\"500\" height=\"281\" frameborder=\"0\" allowfullscreen=\"allowfullscreen\" data-mce-fragment=\"1\"><\/iframe><\/p>\n<p><iframe loading=\"lazy\" src=\"https:\/\/www.youtube.com\/embed\/jb8MaW48vw4?feature=oembed\" width=\"500\" height=\"375\" frameborder=\"0\" allowfullscreen=\"allowfullscreen\" data-mce-fragment=\"1\"><\/iframe><\/p>\n<p class=\"DETALLE_N_titulo \">SANTO DOMINGO (EFE).- Miembros de la comunidad de lesbianas, gays, bisexuales, transg\u00e9nero e intersexuales (LGBTI) de la Rep\u00fablica Dominicana reclamaron hoy respeto e inclusi\u00f3n durante una vistosa marcha por calles de la capital del pa\u00eds caribe\u00f1o.<\/p>\n<div id=\"texto\" class=\"texto_txt\">\n<div class=\"DETALLE_N_texto \">\n<p><span id=\"ctl14_lblMostra\">Convocados por organizaciones defensoras de los derechos de la comunidad LGBTI, una multitud se uni\u00f3 a la caravana del D\u00eda del Orgullo Gay y a ritmo de m\u00fasica desfilaron en carrozas y comparsas mientras enarbolaban pancartas para exigir respeto e igualdad.<\/span><\/p>\n<p>La caravana, una de las m\u00e1s concurrida de los \u00faltimos a\u00f1os en el pa\u00eds, recorri\u00f3 distintos sectores de Santo Domingo, incluyendo el centro hist\u00f3rico de la ciudad y concluy\u00f3 con un concierto en el emblem\u00e1tico Parque Eugenio Mar\u00eda de Hostos, en el Malec\u00f3n de Santo Domingo, sin que se informaran de incidentes.<\/p>\n<p>Defensores de la comunidad LGBTI tambi\u00e9n aprovecharon para reclamar del Estado garantizar el derecho a la salud de este colectivo, especialmente a los que viven con VIH\/sida.<\/p>\n<p>Seg\u00fan datos oficiales, en Rep\u00fablica Dominicana hay unas 69.000 personas que viven con el virus y el 47,83 % de los nuevos infectados son inmigrantes haitianos.<\/p>\n<p>Los homosexuales y las personas trans representan el 29,94 % de los nuevos casos.<\/p>\n<\/div>\n<\/div>\n<div class=\"addtoany_share_save_container addtoany_content_bottom\">\n<div class=\"addtoany_header\">Comparte:<\/div>\n<\/div>\n<\/div>\n","protected":false},"excerpt":{"rendered":"<p>SANTO DOMINGO (EFE).- Miembros de la comunidad de lesbianas, gays, bisexuales, transg\u00e9nero e intersexuales (LGBTI) de la Rep\u00fablica Dominicana reclamaron hoy respeto e inclusi\u00f3n durante una vistosa marcha por calles de la capital del pa\u00eds caribe\u00f1o. Convocados por organizaciones defensoras de los derechos de la comunidad LGBTI, una multitud se uni\u00f3 a la caravana del [&hellip;]<\/p>\n","protected":false},"author":4,"featured_media":66238,"comment_status":"open","ping_status":"open","sticky":false,"template":"","format":"standard","meta":{"footnotes":""},"categories":[57,83,44],"tags":[],"class_list":["post-66237","post","type-post","status-publish","format-standard","has-post-thumbnail","hentry","category-mundo-gay","category-reportajes","category-republica-dominicana"],"_links":{"self":[{"href":"https:\/\/2horizontes.com\/index.php?rest_route=\/wp\/v2\/posts\/66237","targetHints":{"allow":["GET"]}}],"collection":[{"href":"https:\/\/2horizontes.com\/index.php?rest_route=\/wp\/v2\/posts"}],"about":[{"href":"https:\/\/2horizontes.com\/index.php?rest_route=\/wp\/v2\/types\/post"}],"author":[{"embeddable":true,"href":"https:\/\/2horizontes.com\/index.php?rest_route=\/wp\/v2\/users\/4"}],"replies":[{"embeddable":true,"href":"https:\/\/2horizontes.com\/index.php?rest_route=%2Fwp%2Fv2%2Fcomments&post=66237"}],"version-history":[{"count":1,"href":"https:\/\/2horizontes.com\/index.php?rest_route=\/wp\/v2\/posts\/66237\/revisions"}],"predecessor-version":[{"id":66239,"href":"https:\/\/2horizontes.com\/index.php?rest_route=\/wp\/v2\/posts\/66237\/revisions\/66239"}],"wp:featuredmedia":[{"embeddable":true,"href":"https:\/\/2horizontes.com\/index.php?rest_route=\/wp\/v2\/media\/66238"}],"wp:attachment":[{"href":"https:\/\/2horizontes.com\/index.php?rest_route=%2Fwp%2Fv2%2Fmedia&parent=66237"}],"wp:term":[{"taxonomy":"category","embeddable":true,"href":"https:\/\/2horizontes.com\/index.php?rest_route=%2Fwp%2Fv2%2Fcategories&post=66237"},{"taxonomy":"post_tag","embeddable":true,"href":"https:\/\/2horizontes.com\/index.php?rest_route=%2Fwp%2Fv2%2Ftags&post=66237"}],"curies":[{"name":"wp","href":"https:\/\/api.w.org\/{rel}","templated":true}]}}