{"id":66234,"date":"2018-07-02T18:03:26","date_gmt":"2018-07-02T17:03:26","guid":{"rendered":"http:\/\/2horizontes.com\/?p=66234"},"modified":"2018-07-02T18:03:26","modified_gmt":"2018-07-02T17:03:26","slug":"leonel-34-luis-abinader-33-segun-encuesta-realizada-por-la-cid","status":"publish","type":"post","link":"https:\/\/2horizontes.com\/?p=66234","title":{"rendered":"Leonel 34% \u2013 Luis Abinader 33%, seg\u00fan encuesta realizada por la CID"},"content":{"rendered":"<p>SANTO DOMINGO.- El expresidente Leonel Fern\u00e1ndez aparece con un punto porcentual por encima del aspirante presidencial del Partido Revolucionario Moderno (PRM), Luis Abinader, en una encuesta realizada por CID Latinoam\u00e9rica.<\/p>\n<p>Fern\u00e1ndez, del Partido de la Liberaci\u00f3n Dominicana (PLD), obtuvo el apoyo del 34% de los encuestados y Abinader el 33%.<\/p>\n<p>El estudio fue realizado del 9 al 12 de junio de este a\u00f1o entre 1,225 personas mayores de 18 a\u00f1os.<\/p>\n<p>Resalt\u00f3 que Ramfis Trujillo, del Partido Democrata Institucional (PDI); Guillermo Moreno, de Alianza Pa\u00eds, e Ito Bison\u00f3, del Partido Reformista Social Cristiano (PRSC), no cuentan con el respaldo necesario para ganar la Presidencia.<\/p>\n<p>El estudio determin\u00f3 tambi\u00e9n que el 53% de los ciudadanos aptos para votar respalda al PLD, el 22% al PRM y el 7% al Partido Revolucionario Dominicano (PRD).<\/p>\n","protected":false},"excerpt":{"rendered":"<p>SANTO DOMINGO.- El expresidente Leonel Fern\u00e1ndez aparece con un punto porcentual por encima del aspirante presidencial del Partido Revolucionario Moderno (PRM), Luis Abinader, en una encuesta realizada por CID Latinoam\u00e9rica. Fern\u00e1ndez, del Partido de la Liberaci\u00f3n Dominicana (PLD), obtuvo el apoyo del 34% de los encuestados y Abinader el 33%. El estudio fue realizado del [&hellip;]<\/p>\n","protected":false},"author":4,"featured_media":66235,"comment_status":"open","ping_status":"open","sticky":false,"template":"","format":"standard","meta":{"footnotes":""},"categories":[43,44],"tags":[],"class_list":["post-66234","post","type-post","status-publish","format-standard","has-post-thumbnail","hentry","category-politica","category-republica-dominicana"],"_links":{"self":[{"href":"https:\/\/2horizontes.com\/index.php?rest_route=\/wp\/v2\/posts\/66234","targetHints":{"allow":["GET"]}}],"collection":[{"href":"https:\/\/2horizontes.com\/index.php?rest_route=\/wp\/v2\/posts"}],"about":[{"href":"https:\/\/2horizontes.com\/index.php?rest_route=\/wp\/v2\/types\/post"}],"author":[{"embeddable":true,"href":"https:\/\/2horizontes.com\/index.php?rest_route=\/wp\/v2\/users\/4"}],"replies":[{"embeddable":true,"href":"https:\/\/2horizontes.com\/index.php?rest_route=%2Fwp%2Fv2%2Fcomments&post=66234"}],"version-history":[{"count":1,"href":"https:\/\/2horizontes.com\/index.php?rest_route=\/wp\/v2\/posts\/66234\/revisions"}],"predecessor-version":[{"id":66236,"href":"https:\/\/2horizontes.com\/index.php?rest_route=\/wp\/v2\/posts\/66234\/revisions\/66236"}],"wp:featuredmedia":[{"embeddable":true,"href":"https:\/\/2horizontes.com\/index.php?rest_route=\/wp\/v2\/media\/66235"}],"wp:attachment":[{"href":"https:\/\/2horizontes.com\/index.php?rest_route=%2Fwp%2Fv2%2Fmedia&parent=66234"}],"wp:term":[{"taxonomy":"category","embeddable":true,"href":"https:\/\/2horizontes.com\/index.php?rest_route=%2Fwp%2Fv2%2Fcategories&post=66234"},{"taxonomy":"post_tag","embeddable":true,"href":"https:\/\/2horizontes.com\/index.php?rest_route=%2Fwp%2Fv2%2Ftags&post=66234"}],"curies":[{"name":"wp","href":"https:\/\/api.w.org\/{rel}","templated":true}]}}