{"id":66220,"date":"2018-07-02T17:29:02","date_gmt":"2018-07-02T16:29:02","guid":{"rendered":"http:\/\/2horizontes.com\/?p=66220"},"modified":"2018-07-02T17:29:35","modified_gmt":"2018-07-02T16:29:35","slug":"esanaocho-anos-de-prision-por-matar-de-14-cuchilladas-a-su-hermana-que-estaba-embarazada","status":"publish","type":"post","link":"https:\/\/2horizontes.com\/?p=66220","title":{"rendered":"Espa\u00f1a:Ocho a\u00f1os de prisi\u00f3n por matar de 14 cuchilladas a su hermana que estaba embarazada"},"content":{"rendered":"<h2 class=\"articulo-subtitulo\">La Audiencia Provincial rebaja la condena porque la procesada sufri\u00f3 un trastorno mental transitorio<\/h2>\n<div id=\"cuerpo_noticia\" class=\"articulo-cuerpo\">\n<p>La Audiencia Provincial de Madrid\u00a0ha condenado a ocho a\u00f1os de prisi\u00f3n a la paraguaya Wilma Elizabeth Mereles Caballero, de 42 a\u00f1os, por\u00a0haber matado en Hoyo de Manzanares en 2016 a su hermana, que estaba embarazada de seis meses. Le provoc\u00f3 14 heridas inciso-contusas con un cuchillo de 17 cent\u00edmetros de hoja, lo que le produjo la muerte en el acto. El tribunal del jurado ha apreciado la eximente incompleta de trastorno mental transitorio y la agravante de parentesco. La sentencia puede ser recurrida ante el Tribunal Superior de Justicia.<\/p>\n<p>El relato de hechos de la sentencia recoge que Wilma Elizabeth se encontraba a mediod\u00eda del 6 de marzo de 2016 en el interior de su domicilio en la calle de las Eras n\u00famero 19 bis, en Hoyo de Manzanares. La culpable cogi\u00f3 un cuchillo y asest\u00f3 las 14 pu\u00f1aladas a Ilsa Mereles, que se encontraba en el sexto mes de gestaci\u00f3n. Esta circunstancia \u201cla conoc\u00eda la acusada\u201d. Una de ellas le alcanz\u00f3 el t\u00f3rax y otra el coraz\u00f3n \u201ccon la intenci\u00f3n de causarle la muerte\u201d. El fallecimiento se produjo de manera inmediata, al igual que la del feto. \u201cLa acusada actu\u00f3 sabiendo que pod\u00eda provocar la muerte del referido feto, sin que ello le importara\u201d, mantiene el fallo. Este se refiere a la declaraci\u00f3n que hizo la forense que hizo la autopsia al cad\u00e1ver: \u201chubo un manejo de un arma durante un tiempo suficiente para producir todas estas lesiones\u201d.<\/p>\n<p>Una testigo vecina del inmueble, que estaba puerta con puerta, explic\u00f3 que escuch\u00f3 \u201cmuchos golpes\u201d y que de repente estos cesaron. \u201cCuando se asom\u00f3 al balc\u00f3n, vio a su vecina Ilsa con la mirada perdida, con la boca ensangrentada. Despu\u00e9s escuch\u00f3 un grito seco y ve que cae un cuchillo al patio\u201d, recoge el fallo. La forense descart\u00f3 que se tratara de un suicidio por parte de Ilsa \u201cdados el lugar donde fueron asestadas las pu\u00f1aladas, la fuerza empleada y las dimensiones del instrumento cortante empleado\u201d.<\/p>\n<p>\u201cLas lesiones que presentaba la acusada, hematoma y rotura del extensor de la mano izquierda y las diferentes lesiones que presentaba la fallecida adem\u00e1s de la mortal, evidencian que hubo un forcejeo o una lucha entre ellas, como indica la referida m\u00e9dico forense\u201d, a\u00f1ade la sentencia. La condenada fue detenida horas despu\u00e9s en el servicio de urgencias del\u00a0hospital Puerta de Hierro, en Majadahonda, donde fue atendida de un corte que se hab\u00eda producido en la mano.<\/p>\n<p>El magistrado ponente, Javier Mariano Ballesteros Mart\u00edn, recoge en su fallo que la condenada \u201cactu\u00f3 con su capacidad para controlarse muy limitada\u201d. Mantiene que sufri\u00f3 un impacto emocional \u201cpor verse en una situaci\u00f3n de peligro inminente y grave para su integridad\u201d. De hecho, Wilma Elizabeth sufr\u00eda s\u00edndrome de estr\u00e9s postraum\u00e1tico. Por ello, el juez aprecia la eximente incompleta de trastorno mental transitorio y fija una pena de ocho a\u00f1os de prisi\u00f3n, sin que haya responsabilidad civil hacia ning\u00fan familiar de la fallecida.<\/p>\n<section id=\"sumario_1|despiece\" class=\"sumario_despiece centro\"><a name=\"sumario_1\"><\/a><\/p>\n<div class=\"sumario__interior\">\n<header class=\"sumario-encabezado\"><\/header>\n<div class=\"sumario-texto\">\n<p>&nbsp;<\/p>\n<\/div>\n<\/div>\n<\/section>\n<\/div>\n","protected":false},"excerpt":{"rendered":"<p>La Audiencia Provincial rebaja la condena porque la procesada sufri\u00f3 un trastorno mental transitorio La Audiencia Provincial de Madrid\u00a0ha condenado a ocho a\u00f1os de prisi\u00f3n a la paraguaya Wilma Elizabeth Mereles Caballero, de 42 a\u00f1os, por\u00a0haber matado en Hoyo de Manzanares en 2016 a su hermana, que estaba embarazada de seis meses. Le provoc\u00f3 14 [&hellip;]<\/p>\n","protected":false},"author":4,"featured_media":66221,"comment_status":"open","ping_status":"open","sticky":false,"template":"","format":"standard","meta":{"footnotes":""},"categories":[85],"tags":[],"class_list":["post-66220","post","type-post","status-publish","format-standard","has-post-thumbnail","hentry","category-espana"],"_links":{"self":[{"href":"https:\/\/2horizontes.com\/index.php?rest_route=\/wp\/v2\/posts\/66220","targetHints":{"allow":["GET"]}}],"collection":[{"href":"https:\/\/2horizontes.com\/index.php?rest_route=\/wp\/v2\/posts"}],"about":[{"href":"https:\/\/2horizontes.com\/index.php?rest_route=\/wp\/v2\/types\/post"}],"author":[{"embeddable":true,"href":"https:\/\/2horizontes.com\/index.php?rest_route=\/wp\/v2\/users\/4"}],"replies":[{"embeddable":true,"href":"https:\/\/2horizontes.com\/index.php?rest_route=%2Fwp%2Fv2%2Fcomments&post=66220"}],"version-history":[{"count":2,"href":"https:\/\/2horizontes.com\/index.php?rest_route=\/wp\/v2\/posts\/66220\/revisions"}],"predecessor-version":[{"id":66223,"href":"https:\/\/2horizontes.com\/index.php?rest_route=\/wp\/v2\/posts\/66220\/revisions\/66223"}],"wp:featuredmedia":[{"embeddable":true,"href":"https:\/\/2horizontes.com\/index.php?rest_route=\/wp\/v2\/media\/66221"}],"wp:attachment":[{"href":"https:\/\/2horizontes.com\/index.php?rest_route=%2Fwp%2Fv2%2Fmedia&parent=66220"}],"wp:term":[{"taxonomy":"category","embeddable":true,"href":"https:\/\/2horizontes.com\/index.php?rest_route=%2Fwp%2Fv2%2Fcategories&post=66220"},{"taxonomy":"post_tag","embeddable":true,"href":"https:\/\/2horizontes.com\/index.php?rest_route=%2Fwp%2Fv2%2Ftags&post=66220"}],"curies":[{"name":"wp","href":"https:\/\/api.w.org\/{rel}","templated":true}]}}