{"id":66216,"date":"2018-07-02T17:20:31","date_gmt":"2018-07-02T16:20:31","guid":{"rendered":"http:\/\/2horizontes.com\/?p=66216"},"modified":"2018-07-02T17:21:01","modified_gmt":"2018-07-02T16:21:01","slug":"detenidos-dos-indigentes-tras-matar-a-otro-en-el-parque-tierno-galvan","status":"publish","type":"post","link":"https:\/\/2horizontes.com\/?p=66216","title":{"rendered":"Espa\u00f1a:Detenidos dos indigentes tras matar a otro en el parque Tierno Galv\u00e1n"},"content":{"rendered":"<h2 class=\"articulo-subtitulo\">Los agentes arrestaron a uno de los supuestos autores en la estaci\u00f3n de autobuses, cuando pretend\u00eda regresar a su pa\u00eds de origen.<\/h2>\n<p>Dos indigentes de 22 a\u00f1os y 28 a\u00f1os y nacionalidad rumana han sido detenido esta ma\u00f1ana acusados de haber matado a un compatriota suyo, tambi\u00e9n indigente, en el parque de Enrique Tierno Galv\u00e1n, en\u00a0el distrito madrile\u00f1o de Arganzuela,\u00a0seg\u00fan ha informado\u00a0la Jefatura Superior de Polic\u00eda.\u00a0El arresto de uno de ellos se ha producido cuando el supuesto autor del homicidio estaba a punto de fugarse a su pa\u00eds de origen.<\/p>\n<p>Un empleado municipal de parques y jardines ha hallado el cuerpo sin vida de un hombre de unos 45 a\u00f1os, junto a una zona infantil del Tierno Galv\u00e1n. Ha avisado al tel\u00e9fono 091. Al lugar ha acudido un coche patrulla de la comisar\u00eda del distrito, que ha confirmado que la persona estaba fallecida. Presentaba signos evidentes de violencia, con golpes en la cara y en la cabeza. Los facultativos del\u00a0Samur-Protecci\u00f3n Civil\u00a0solo han podido certificar la muerte, ya que la agresi\u00f3n mortal se hab\u00eda registrado unas dos horas antes.<\/p>\n<p>Los polic\u00edas que se han desplazado al parque han empezado a interrogar a otros indigentes que estaban en el parque. Estos les han identificado al supuesto autor, por lo que montaron un dispositivo de b\u00fasqueda en estaciones y en intercambiadores de transporte, ante una posible fuga inminente. La vigilancia ha dado sus frutos a las 10.30 de esta ma\u00f1ana, cuando detectaron al supuesto autor en la estaci\u00f3n Sur de autobuses. Estaba a punto de coger un autocar con destino a Ruman\u00eda.<\/p>\n<p>La segunda detenci\u00f3n se ha producido a las dos de la tarde. Se trata del var\u00f3n de 28 a\u00f1os.\u00a0El primer arrestado, nacido en 1996, carece de antecedentes policiales en Espa\u00f1a. Ambos est\u00e1n detenidos como coautores del homicidio.<\/p>\n<p>El cuerpo del fallecido ha sido trasladado al Instituto Anat\u00f3mico Forense, donde se le ha practicado la autopsia. Hasta el momento nadie ha reclamado el cuerpo, seg\u00fan fuentes judiciales. Los agentes de Homicidios est\u00e1n a la espera de que se interrogue a los detenidos y se esclarezca el m\u00f3vil del crimen. Ambos se encuentran en la Brigada Provincial de Polic\u00eda Judicial.<\/p>\n","protected":false},"excerpt":{"rendered":"<p>Los agentes arrestaron a uno de los supuestos autores en la estaci\u00f3n de autobuses, cuando pretend\u00eda regresar a su pa\u00eds de origen. Dos indigentes de 22 a\u00f1os y 28 a\u00f1os y nacionalidad rumana han sido detenido esta ma\u00f1ana acusados de haber matado a un compatriota suyo, tambi\u00e9n indigente, en el parque de Enrique Tierno Galv\u00e1n, [&hellip;]<\/p>\n","protected":false},"author":4,"featured_media":66217,"comment_status":"open","ping_status":"open","sticky":false,"template":"","format":"standard","meta":{"footnotes":""},"categories":[85],"tags":[],"class_list":["post-66216","post","type-post","status-publish","format-standard","has-post-thumbnail","hentry","category-espana"],"_links":{"self":[{"href":"https:\/\/2horizontes.com\/index.php?rest_route=\/wp\/v2\/posts\/66216","targetHints":{"allow":["GET"]}}],"collection":[{"href":"https:\/\/2horizontes.com\/index.php?rest_route=\/wp\/v2\/posts"}],"about":[{"href":"https:\/\/2horizontes.com\/index.php?rest_route=\/wp\/v2\/types\/post"}],"author":[{"embeddable":true,"href":"https:\/\/2horizontes.com\/index.php?rest_route=\/wp\/v2\/users\/4"}],"replies":[{"embeddable":true,"href":"https:\/\/2horizontes.com\/index.php?rest_route=%2Fwp%2Fv2%2Fcomments&post=66216"}],"version-history":[{"count":2,"href":"https:\/\/2horizontes.com\/index.php?rest_route=\/wp\/v2\/posts\/66216\/revisions"}],"predecessor-version":[{"id":66219,"href":"https:\/\/2horizontes.com\/index.php?rest_route=\/wp\/v2\/posts\/66216\/revisions\/66219"}],"wp:featuredmedia":[{"embeddable":true,"href":"https:\/\/2horizontes.com\/index.php?rest_route=\/wp\/v2\/media\/66217"}],"wp:attachment":[{"href":"https:\/\/2horizontes.com\/index.php?rest_route=%2Fwp%2Fv2%2Fmedia&parent=66216"}],"wp:term":[{"taxonomy":"category","embeddable":true,"href":"https:\/\/2horizontes.com\/index.php?rest_route=%2Fwp%2Fv2%2Fcategories&post=66216"},{"taxonomy":"post_tag","embeddable":true,"href":"https:\/\/2horizontes.com\/index.php?rest_route=%2Fwp%2Fv2%2Ftags&post=66216"}],"curies":[{"name":"wp","href":"https:\/\/api.w.org\/{rel}","templated":true}]}}