{"id":66201,"date":"2018-06-29T15:22:17","date_gmt":"2018-06-29T14:22:17","guid":{"rendered":"http:\/\/2horizontes.com\/?p=66201"},"modified":"2018-06-29T15:22:39","modified_gmt":"2018-06-29T14:22:39","slug":"espana-y-grecia-acuerdan-con-berlin-aceptar-migrantes-refugiados-desde-alemania","status":"publish","type":"post","link":"https:\/\/2horizontes.com\/?p=66201","title":{"rendered":"Espa\u00f1a y Grecia acuerdan con Berl\u00edn aceptar migrantes refugiados desde Alemania"},"content":{"rendered":"<h2 class=\"articulo-subtitulo\">El Gobierno estima que los demandantes de asilo a acoger que se localicen en la frontera austriaca y alemana ser\u00e1n menos de un centenar y facilitar\u00e1n una salida pol\u00edtica a Merkel<\/h2>\n<p>El presidente del Gobierno espa\u00f1ol, Pedro S\u00e1nchez, se comprometi\u00f3 este viernes ante la canciller de Alemania, Angela Merkel, a que Espa\u00f1a reciba un n\u00famero \u00abequilibrado y admisible\u00bb de refugiados que entraron en ese pa\u00eds por la frontera con Austria, seg\u00fan manifest\u00f3 en rueda de prensa en Bruselas tras acabar la cumbre comunitaria. S\u00e1nchez traslad\u00f3 primero ese compromiso a Merkel en la reuni\u00f3n bilateral que ambos tuvieron antes del pleno del Consejo Europeo, junto al primer ministro de Grecia, Alexis Tsipras. El Gobierno estima que el n\u00famero final de inmigrantes demandantes de asilo que se podr\u00edan ver beneficiados por ese acuerdo no superar\u00e1 al final el centenar pero, a cambio, resaltan la importancia del mensaje pol\u00edtico de alianza con Merkel, ahora agobiada por una crisis interna por culpa de la inmigraci\u00f3n, y tambi\u00e9n al resto de Europa.<\/p>\n<div id=\"elpais_gpt-INTEXT\" data-google-query-id=\"CKas7OCI-dsCFRSIdwodyHMC_Q\">\n<div id=\"google_ads_iframe_\/7811748\/elpais_web\/politica\/intext_0__container__\"><iframe id=\"google_ads_iframe_\/7811748\/elpais_web\/politica\/intext_0\" title=\"3rd party ad content\" name=\"google_ads_iframe_\/7811748\/elpais_web\/politica\/intext_0\" width=\"1\" height=\"1\" frameborder=\"0\" marginwidth=\"0\" marginheight=\"0\" scrolling=\"no\" data-mce-fragment=\"1\"><\/iframe><\/div>\n<\/div>\n<p>S\u00e1nchez no pudo precisar la cuant\u00eda de ese compromiso y solo avanz\u00f3 que ser\u00e1 a partir de ahora cuando se analizar\u00e1n los n\u00fameros al detalle de los refugiados que podr\u00edan estar en Alemania, ahora o en el futuro, y sobre los que se compruebe t\u00e9cnicamente que su entrada en Europa se haya producido o se pueda producir por territorio espa\u00f1ol (como se especifica en la \u00faltima reforma de los acuerdos de asilo de Dubl\u00edn en 2013). Merkel alcanz\u00f3 el mismo acuerdo que con Espa\u00f1a tambi\u00e9n con Grecia.<\/p>\n<p>El dirigente espa\u00f1ol resalt\u00f3 mucho en su comparecencia esa colaboraci\u00f3n con Alemania como un \u00abmensaje de que Espa\u00f1a es responsable y solidaria\u00bb. Un mensaje que se quiere enviar a Alemania y a Merkel, con la que se persigue establecer puentes prioritarios en esta etapa europea, y a toda la Uni\u00f3n Europea, en el sentido de que el nuevo gobierno socialista cumple sus compromisos. S\u00e1nchez revel\u00f3 que la propia Merkel se hab\u00eda mostrado en privado muy agradecida con esa actitud.<\/p>\n","protected":false},"excerpt":{"rendered":"<p>El Gobierno estima que los demandantes de asilo a acoger que se localicen en la frontera austriaca y alemana ser\u00e1n menos de un centenar y facilitar\u00e1n una salida pol\u00edtica a Merkel El presidente del Gobierno espa\u00f1ol, Pedro S\u00e1nchez, se comprometi\u00f3 este viernes ante la canciller de Alemania, Angela Merkel, a que Espa\u00f1a reciba un n\u00famero [&hellip;]<\/p>\n","protected":false},"author":4,"featured_media":66202,"comment_status":"open","ping_status":"open","sticky":false,"template":"","format":"standard","meta":{"footnotes":""},"categories":[63,85,86,43],"tags":[],"class_list":["post-66201","post","type-post","status-publish","format-standard","has-post-thumbnail","hentry","category-economia","category-espana","category-europa","category-politica"],"_links":{"self":[{"href":"https:\/\/2horizontes.com\/index.php?rest_route=\/wp\/v2\/posts\/66201","targetHints":{"allow":["GET"]}}],"collection":[{"href":"https:\/\/2horizontes.com\/index.php?rest_route=\/wp\/v2\/posts"}],"about":[{"href":"https:\/\/2horizontes.com\/index.php?rest_route=\/wp\/v2\/types\/post"}],"author":[{"embeddable":true,"href":"https:\/\/2horizontes.com\/index.php?rest_route=\/wp\/v2\/users\/4"}],"replies":[{"embeddable":true,"href":"https:\/\/2horizontes.com\/index.php?rest_route=%2Fwp%2Fv2%2Fcomments&post=66201"}],"version-history":[{"count":2,"href":"https:\/\/2horizontes.com\/index.php?rest_route=\/wp\/v2\/posts\/66201\/revisions"}],"predecessor-version":[{"id":66204,"href":"https:\/\/2horizontes.com\/index.php?rest_route=\/wp\/v2\/posts\/66201\/revisions\/66204"}],"wp:featuredmedia":[{"embeddable":true,"href":"https:\/\/2horizontes.com\/index.php?rest_route=\/wp\/v2\/media\/66202"}],"wp:attachment":[{"href":"https:\/\/2horizontes.com\/index.php?rest_route=%2Fwp%2Fv2%2Fmedia&parent=66201"}],"wp:term":[{"taxonomy":"category","embeddable":true,"href":"https:\/\/2horizontes.com\/index.php?rest_route=%2Fwp%2Fv2%2Fcategories&post=66201"},{"taxonomy":"post_tag","embeddable":true,"href":"https:\/\/2horizontes.com\/index.php?rest_route=%2Fwp%2Fv2%2Ftags&post=66201"}],"curies":[{"name":"wp","href":"https:\/\/api.w.org\/{rel}","templated":true}]}}