{"id":66183,"date":"2018-06-28T17:13:04","date_gmt":"2018-06-28T16:13:04","guid":{"rendered":"http:\/\/2horizontes.com\/?p=66183"},"modified":"2018-06-28T17:13:04","modified_gmt":"2018-06-28T16:13:04","slug":"moca-pn-mata-hombre-que-horas-antes-habia-ultimado-a-otro-a-tiros","status":"publish","type":"post","link":"https:\/\/2horizontes.com\/?p=66183","title":{"rendered":"MOCA: PN mata hombre que horas antes hab\u00eda ultimado a otro a tiros"},"content":{"rendered":"<p>MOCA, Rep\u00fablica Dominicana.- La Polic\u00eda mat\u00f3 a un hombre que horas antes hab\u00eda asesinado a otro en el barrio Viejo Puerto Rico, de aqu\u00ed, lo que se presume un ajuste de cuentas por asuntos de drogas.<\/p>\n<p>Jonathan de Jes\u00fas Alm\u00e1nzar Abreu, de 33 a\u00f1os, y otro c\u00f3mplice intentaron escapar\u00a0en una yipeta Kia, roja, tras haber ultimado a\u00a0Jos\u00e9 Alberto Henr\u00edquez Maldonado, de 26, en la calle Jos\u00e9 Bautista, n\u00famero 10, del referido sector.<\/p>\n<p>Los homicidas fueron perseguidos por una patrulla que le dio alcance en la carretera que comunica los municipios Moca y Licey al Medio, donde el d\u00fao abandon\u00f3 en veh\u00edculo y huy\u00f3 a pie.<\/p>\n<p>Alm\u00e1nzar Abreu no lleg\u00f3 muy lejos y cay\u00f3 abatido tras haber enfrentado a tiros a los agentes que lo acorralaron en una finca ubicada en el kilometro 5 de la referida v\u00eda.<\/p>\n<p>En la escena fue ocupada una pistola Glock, 9 mil\u00edmetros, con un cargador, 36 capsulas y 14 casquillos.<\/p>\n<p>La yipeta en que transitaba Alm\u00e1nzar Abreu y el otro individuo fue robada el martes\u00a0 en La Vega al comerciante Geovanny Guzm\u00e1n.<\/p>\n<p>Los cad\u00e1veres fueron enviados al Instituto Nacional de Ciencias Forenses (Inacif).<\/p>\n<div class=\"addtoany_share_save_container addtoany_content_bottom\">\n<div class=\"addtoany_header\">Comparte:<\/div>\n<\/div>\n","protected":false},"excerpt":{"rendered":"<p>MOCA, Rep\u00fablica Dominicana.- La Polic\u00eda mat\u00f3 a un hombre que horas antes hab\u00eda asesinado a otro en el barrio Viejo Puerto Rico, de aqu\u00ed, lo que se presume un ajuste de cuentas por asuntos de drogas. Jonathan de Jes\u00fas Alm\u00e1nzar Abreu, de 33 a\u00f1os, y otro c\u00f3mplice intentaron escapar\u00a0en una yipeta Kia, roja, tras haber [&hellip;]<\/p>\n","protected":false},"author":4,"featured_media":66184,"comment_status":"open","ping_status":"open","sticky":false,"template":"","format":"standard","meta":{"footnotes":""},"categories":[53,44],"tags":[],"class_list":["post-66183","post","type-post","status-publish","format-standard","has-post-thumbnail","hentry","category-provincias","category-republica-dominicana"],"_links":{"self":[{"href":"https:\/\/2horizontes.com\/index.php?rest_route=\/wp\/v2\/posts\/66183","targetHints":{"allow":["GET"]}}],"collection":[{"href":"https:\/\/2horizontes.com\/index.php?rest_route=\/wp\/v2\/posts"}],"about":[{"href":"https:\/\/2horizontes.com\/index.php?rest_route=\/wp\/v2\/types\/post"}],"author":[{"embeddable":true,"href":"https:\/\/2horizontes.com\/index.php?rest_route=\/wp\/v2\/users\/4"}],"replies":[{"embeddable":true,"href":"https:\/\/2horizontes.com\/index.php?rest_route=%2Fwp%2Fv2%2Fcomments&post=66183"}],"version-history":[{"count":1,"href":"https:\/\/2horizontes.com\/index.php?rest_route=\/wp\/v2\/posts\/66183\/revisions"}],"predecessor-version":[{"id":66185,"href":"https:\/\/2horizontes.com\/index.php?rest_route=\/wp\/v2\/posts\/66183\/revisions\/66185"}],"wp:featuredmedia":[{"embeddable":true,"href":"https:\/\/2horizontes.com\/index.php?rest_route=\/wp\/v2\/media\/66184"}],"wp:attachment":[{"href":"https:\/\/2horizontes.com\/index.php?rest_route=%2Fwp%2Fv2%2Fmedia&parent=66183"}],"wp:term":[{"taxonomy":"category","embeddable":true,"href":"https:\/\/2horizontes.com\/index.php?rest_route=%2Fwp%2Fv2%2Fcategories&post=66183"},{"taxonomy":"post_tag","embeddable":true,"href":"https:\/\/2horizontes.com\/index.php?rest_route=%2Fwp%2Fv2%2Ftags&post=66183"}],"curies":[{"name":"wp","href":"https:\/\/api.w.org\/{rel}","templated":true}]}}