{"id":66173,"date":"2018-06-28T16:45:39","date_gmt":"2018-06-28T15:45:39","guid":{"rendered":"http:\/\/2horizontes.com\/?p=66173"},"modified":"2018-06-28T16:45:39","modified_gmt":"2018-06-28T15:45:39","slug":"el-gobierno-hara-un-traslado-discreto-de-los-restos-de-franco","status":"publish","type":"post","link":"https:\/\/2horizontes.com\/?p=66173","title":{"rendered":"El Gobierno har\u00e1 un traslado discreto de los restos de Franco"},"content":{"rendered":"<div class=\"articulo-encabezado-texto\">\n<div id=\"articulo-titulares\" class=\"articulo-titulares\">\n<div class=\"articulo-subtitulos\">\n<h2 class=\"articulo-subtitulo\">El Ejecutivo tiene todo preparado para la exhumaci\u00f3n del dictador que no quiere hacer coincidir con el aniversario del golpe de Estado contra la Rep\u00fablica<\/h2>\n<\/div>\n<\/div>\n<\/div>\n<aside id=\"compartir_superior\" class=\"compartir\">\n<div class=\"compartir__interior\">\n<div id=\"compartir_social\" class=\"compartir-social\">\n<p>Todo est\u00e1 preparado ya para la exhumaci\u00f3n de Franco del Valle de los Ca\u00eddos. El traslado de los restos del dictador es inminente, tanto que el Gobierno ya ha contactado con la familia Franco y con la Iglesia, que gestiona la bas\u00edlica, para acordar todos los extremos de la operaci\u00f3n. Se har\u00e1 \u00aba la mayor brevedad posible\u00bb, en palabras de la vicepresidenta del Ejecutivo, Carmen Calvo, esta ma\u00f1ana en\u00a0<em>Los Desayunos de TVE.<\/em>\u00a0El Gobierno quiere que la exhumaci\u00f3n sea \u00abimpecable y exquisita\u00bb y evitar\u00e1 cualquier estridencia: no se har\u00e1 coincidir, por tanto, con el 18 de julio, aniversario del golpe de Estado contra la Rep\u00fablica, y se buscar\u00e1 que sea discreta.<\/p>\n<div id=\"elpais_gpt-INTEXT\" data-google-query-id=\"CMOfyMbZ9tsCFU6_dwodsG8Jjw\">\n<div id=\"google_ads_iframe_\/7811748\/elpais_web\/politica\/intext_0__container__\"><iframe id=\"google_ads_iframe_\/7811748\/elpais_web\/politica\/intext_0\" title=\"3rd party ad content\" name=\"google_ads_iframe_\/7811748\/elpais_web\/politica\/intext_0\" width=\"1\" height=\"1\" frameborder=\"0\" marginwidth=\"0\" marginheight=\"0\" scrolling=\"no\"><\/iframe><\/div>\n<\/div>\n<p>El presidente del Gobierno ha acelerado la operaci\u00f3n de traslado de los restos del dictador del Valle de los Ca\u00eddos, que puede suceder ya en cualquier momento. Existe consenso pol\u00edtico \u2014el Gobierno va a ejecutar un mandato del Parlamento que hace un a\u00f1o aprob\u00f3 la exhumaci\u00f3n con acuerdo de todos los grupos y la abstenci\u00f3n del PP\u2014 y la determinaci\u00f3n del gabinete de Pedro S\u00e1nchez, que considera que se ha esperado demasiado tiempo para acometerla. \u00abVamos tardando\u00bb, ha incidido la vicepresidenta esta ma\u00f1ana en televisi\u00f3n.<\/p>\n<p>La exhumaci\u00f3n del dictador de la bas\u00edlica en la que se encuentra es, en todo caso, a pesar del consenso, una operaci\u00f3n delicada. El Gobierno va a buscar as\u00ed que no se provoquen incidentes a\u00f1adidos. Se har\u00e1 con discreci\u00f3n: no significa eso que se acometa con nocturnidad, porque se quiere la m\u00e1xima transparencia y normalidad, pero tampoco se \u00abradiar\u00e1\u00bb, trasladan fuentes gubernamentales. Esto es, que no habr\u00e1 ning\u00fan espect\u00e1culo, sino todo lo contrario. Habr\u00e1 m\u00e1ximo respeto con la manipulaci\u00f3n de los restos del dictador, porque el C\u00f3digo Civil otorga mucha protecci\u00f3n a cualquier resto humano. Tambi\u00e9n con los del fundador de la Falange, Jos\u00e9 Antonio Primo de Rivera, que ser\u00e1n trasladados a otro lugar del monumento.<\/p>\n<p>No quiere el Gobierno problemas as\u00ed que se va a evitar hacer coincidir la exhumaci\u00f3n de Franco con la fecha de conmemoraci\u00f3n de la sublevaci\u00f3n militar contra la Segunda Rep\u00fablica, que precisamente se cumple en julio, el d\u00eda 18. Se trata, explican en el Ejecutivo, de hacer del Valle de los Ca\u00eddos \u00abun lugar de reconciliaci\u00f3n\u00bb y desterrarlo como s\u00edmbolo que separa a los espa\u00f1oles. Por eso la operaci\u00f3n se quiere hacer con esmero y cuidado, sin que se provoquen conflictos innecesarios.<\/p>\n<p>En conversaci\u00f3n informal con periodistas en el Congreso, Pedro S\u00e1nchez ratific\u00f3 ayer lo inminente de la salida de los restos de Franco. \u00abOs pillar\u00e1 trabajando\u00bb, dijo S\u00e1nchez a los informadores en referencia a que no se iba a esperar al comienzo de las vacaciones de verano. Fuentes del Gobierno confirmaron despu\u00e9s que ser\u00eda en julio. En apenas tres d\u00edas comienza este mes estival en el que quedar\u00e1 marcada en el calendario la fecha en la que Franco saldr\u00e1 del monumento que hizo construir para rendir honor a su dictadura de casi cuatro d\u00e9cadas.<\/p>\n<\/div>\n<\/div>\n<\/aside>\n","protected":false},"excerpt":{"rendered":"<p>El Ejecutivo tiene todo preparado para la exhumaci\u00f3n del dictador que no quiere hacer coincidir con el aniversario del golpe de Estado contra la Rep\u00fablica Todo est\u00e1 preparado ya para la exhumaci\u00f3n de Franco del Valle de los Ca\u00eddos. El traslado de los restos del dictador es inminente, tanto que el Gobierno ya ha contactado [&hellip;]<\/p>\n","protected":false},"author":4,"featured_media":66174,"comment_status":"open","ping_status":"open","sticky":false,"template":"","format":"standard","meta":{"footnotes":""},"categories":[85,43],"tags":[],"class_list":["post-66173","post","type-post","status-publish","format-standard","has-post-thumbnail","hentry","category-espana","category-politica"],"_links":{"self":[{"href":"https:\/\/2horizontes.com\/index.php?rest_route=\/wp\/v2\/posts\/66173","targetHints":{"allow":["GET"]}}],"collection":[{"href":"https:\/\/2horizontes.com\/index.php?rest_route=\/wp\/v2\/posts"}],"about":[{"href":"https:\/\/2horizontes.com\/index.php?rest_route=\/wp\/v2\/types\/post"}],"author":[{"embeddable":true,"href":"https:\/\/2horizontes.com\/index.php?rest_route=\/wp\/v2\/users\/4"}],"replies":[{"embeddable":true,"href":"https:\/\/2horizontes.com\/index.php?rest_route=%2Fwp%2Fv2%2Fcomments&post=66173"}],"version-history":[{"count":1,"href":"https:\/\/2horizontes.com\/index.php?rest_route=\/wp\/v2\/posts\/66173\/revisions"}],"predecessor-version":[{"id":66175,"href":"https:\/\/2horizontes.com\/index.php?rest_route=\/wp\/v2\/posts\/66173\/revisions\/66175"}],"wp:featuredmedia":[{"embeddable":true,"href":"https:\/\/2horizontes.com\/index.php?rest_route=\/wp\/v2\/media\/66174"}],"wp:attachment":[{"href":"https:\/\/2horizontes.com\/index.php?rest_route=%2Fwp%2Fv2%2Fmedia&parent=66173"}],"wp:term":[{"taxonomy":"category","embeddable":true,"href":"https:\/\/2horizontes.com\/index.php?rest_route=%2Fwp%2Fv2%2Fcategories&post=66173"},{"taxonomy":"post_tag","embeddable":true,"href":"https:\/\/2horizontes.com\/index.php?rest_route=%2Fwp%2Fv2%2Ftags&post=66173"}],"curies":[{"name":"wp","href":"https:\/\/api.w.org\/{rel}","templated":true}]}}