{"id":66026,"date":"2018-06-18T21:48:43","date_gmt":"2018-06-18T20:48:43","guid":{"rendered":"http:\/\/2horizontes.com\/?p=66026"},"modified":"2018-06-18T22:01:31","modified_gmt":"2018-06-18T21:01:31","slug":"el-video-oficial-seleccion-espanola-mundial-de-futbol-2018-fue-dirigido-por-el-coreografo-dominicano-hector-frias","status":"publish","type":"post","link":"https:\/\/2horizontes.com\/?p=66026","title":{"rendered":"\u00c9l v\u00eddeo oficial  de la selecci\u00f3n espa\u00f1ola  para  el Mundial de F\u00fatbol 2018 fue dirigido por el core\u00f3grafo dominicano H\u00e9ctor Far\u00edas"},"content":{"rendered":"<p style=\"font-weight: 400;\">H\u00e9ctor Far\u00edas, core\u00f3grafo dominicano, ha sido la persona responsable de la direcci\u00f3n art\u00edstica y coreogr\u00e1fica del v\u00eddeo oficial de la Selecci\u00f3n Espa\u00f1ola de F\u00fatbol, para el Mundial de F\u00fatbol 2018, que se celebrar\u00e1 en Rusia.<\/p>\n<p style=\"font-weight: 400;\">El core\u00f3grafo y bailar\u00edn coordin\u00f3 un cuerpo de baile conformado por 18 bailarines dominicanos y espa\u00f1oles, estudiantes del grado universitario en pedagog\u00eda de las artes visuales impartido por el instituto de danza Alicia Alonzo universidad URJC, becados por el MESTYC en diferentes especialidades art\u00edsticas.<a href=\"http:\/\/2horizontes.com\/wp-content\/uploads\/2018\/06\/Antonio-Jos\u00e9-Ft-Juan-Magan-Se-Vive-Mejor-mp3-image-1000x1000.jpg\"><img loading=\"lazy\" decoding=\"async\" class=\"size-medium wp-image-66027 alignleft\" src=\"http:\/\/2horizontes.com\/wp-content\/uploads\/2018\/06\/Antonio-Jos\u00e9-Ft-Juan-Magan-Se-Vive-Mejor-mp3-image-1000x1000-300x300.jpg\" alt=\"\" width=\"300\" height=\"300\" srcset=\"https:\/\/2horizontes.com\/wp-content\/uploads\/2018\/06\/Antonio-Jos\u00e9-Ft-Juan-Magan-Se-Vive-Mejor-mp3-image-1000x1000-300x300.jpg 300w, https:\/\/2horizontes.com\/wp-content\/uploads\/2018\/06\/Antonio-Jos\u00e9-Ft-Juan-Magan-Se-Vive-Mejor-mp3-image-1000x1000-150x150.jpg 150w, https:\/\/2horizontes.com\/wp-content\/uploads\/2018\/06\/Antonio-Jos\u00e9-Ft-Juan-Magan-Se-Vive-Mejor-mp3-image-1000x1000-768x768.jpg 768w, https:\/\/2horizontes.com\/wp-content\/uploads\/2018\/06\/Antonio-Jos\u00e9-Ft-Juan-Magan-Se-Vive-Mejor-mp3-image-1000x1000-510x510.jpg 510w, https:\/\/2horizontes.com\/wp-content\/uploads\/2018\/06\/Antonio-Jos\u00e9-Ft-Juan-Magan-Se-Vive-Mejor-mp3-image-1000x1000.jpg 1000w\" sizes=\"auto, (max-width: 300px) 100vw, 300px\" \/><\/a><\/p>\n<p style=\"font-weight: 400;\">En esta edici\u00f3n del Mundial de F\u00fatbol, la selecci\u00f3n espa\u00f1ola est\u00e1 representada musicalmente por el tema SE VIVE MEJOR interpretado por Juan Mag\u00e1n y Antonio Jos\u00e9.<\/p>\n<p style=\"font-weight: 400;\">Por primera vez un artista dominicano es encargado para una tarea semejante, el f\u00fatbol es para los espa\u00f1oles el equivalente al b\u00e9isbol en la Rep\u00fablica Dominicana, por lo tanto es un gran reconocimiento para toda la cultura dominicana formar parte de este acontecimiento adem\u00e1s, cargando con una gran responsabilidad.<\/p>\n<p style=\"font-weight: 400;\">Desde su llegada a Europa en el 2015, H\u00e9ctor Far\u00edas no ha parado de trabajar. Desde el primer momento se puso a la disposici\u00f3n de las diferentes agrupaciones y asociaciones para colaborar en actividades culturales, aportando siempre profesionalidad y creatividades con su participaci\u00f3n. Es un merecido honor asumir este encargo y estamos seguros de que en sus pr\u00f3ximos trabajos, la proyecci\u00f3n internacional de este talentoso dominicano abrir\u00e1 puertas a los grandes talentos que tiene la Rep\u00fablica Dominicana.<\/p>\n<p style=\"font-weight: 400;\">Otros trabajos de H\u00e9ctor Far\u00edas en Europa han sido trabajos de coreogr\u00e1ficos para los artistas; Pablo Albor\u00e1n, Malena Gracia y Reyna Saba.<\/p>\n<p>&nbsp;<\/p>\n<p><iframe loading=\"lazy\" width=\"960\" height=\"540\" src=\"https:\/\/www.youtube.com\/embed\/dcQs2zHak0U?feature=oembed\" frameborder=\"0\" allow=\"autoplay; encrypted-media\" allowfullscreen><\/iframe><\/p>\n","protected":false},"excerpt":{"rendered":"<p>H\u00e9ctor Far\u00edas, core\u00f3grafo dominicano, ha sido la persona responsable de la direcci\u00f3n art\u00edstica y coreogr\u00e1fica del v\u00eddeo oficial de la Selecci\u00f3n Espa\u00f1ola de F\u00fatbol, para el Mundial de F\u00fatbol 2018, que se celebrar\u00e1 en Rusia. El core\u00f3grafo y bailar\u00edn coordin\u00f3 un cuerpo de baile conformado por 18 bailarines dominicanos y espa\u00f1oles, estudiantes del grado universitario [&hellip;]<\/p>\n","protected":false},"author":4,"featured_media":66030,"comment_status":"open","ping_status":"open","sticky":false,"template":"","format":"video","meta":{"footnotes":""},"categories":[46,1,85,86,83],"tags":[],"class_list":["post-66026","post","type-post","status-publish","format-video","has-post-thumbnail","hentry","category-dominicanos-en-madrid","category-entretenimiento","category-espana","category-europa","category-reportajes","post_format-post-format-video"],"_links":{"self":[{"href":"https:\/\/2horizontes.com\/index.php?rest_route=\/wp\/v2\/posts\/66026","targetHints":{"allow":["GET"]}}],"collection":[{"href":"https:\/\/2horizontes.com\/index.php?rest_route=\/wp\/v2\/posts"}],"about":[{"href":"https:\/\/2horizontes.com\/index.php?rest_route=\/wp\/v2\/types\/post"}],"author":[{"embeddable":true,"href":"https:\/\/2horizontes.com\/index.php?rest_route=\/wp\/v2\/users\/4"}],"replies":[{"embeddable":true,"href":"https:\/\/2horizontes.com\/index.php?rest_route=%2Fwp%2Fv2%2Fcomments&post=66026"}],"version-history":[{"count":4,"href":"https:\/\/2horizontes.com\/index.php?rest_route=\/wp\/v2\/posts\/66026\/revisions"}],"predecessor-version":[{"id":66034,"href":"https:\/\/2horizontes.com\/index.php?rest_route=\/wp\/v2\/posts\/66026\/revisions\/66034"}],"wp:featuredmedia":[{"embeddable":true,"href":"https:\/\/2horizontes.com\/index.php?rest_route=\/wp\/v2\/media\/66030"}],"wp:attachment":[{"href":"https:\/\/2horizontes.com\/index.php?rest_route=%2Fwp%2Fv2%2Fmedia&parent=66026"}],"wp:term":[{"taxonomy":"category","embeddable":true,"href":"https:\/\/2horizontes.com\/index.php?rest_route=%2Fwp%2Fv2%2Fcategories&post=66026"},{"taxonomy":"post_tag","embeddable":true,"href":"https:\/\/2horizontes.com\/index.php?rest_route=%2Fwp%2Fv2%2Ftags&post=66026"}],"curies":[{"name":"wp","href":"https:\/\/api.w.org\/{rel}","templated":true}]}}