{"id":66023,"date":"2018-06-14T21:54:47","date_gmt":"2018-06-14T20:54:47","guid":{"rendered":"http:\/\/2horizontes.com\/?p=66023"},"modified":"2018-06-14T21:54:47","modified_gmt":"2018-06-14T20:54:47","slug":"matan-a-joven-en-joyeria-en-la-calle-el-conde","status":"publish","type":"post","link":"https:\/\/2horizontes.com\/?p=66023","title":{"rendered":"Matan a joven  en joyer\u00eda en la calle El Conde"},"content":{"rendered":"<p>Una joven fue ultimada a tiros esta tarde en la calle\u00a0 El Conde, en la Zona Colonial, en un incidente a\u00fan no esclarecido.<\/p>\n<p>Seg\u00fan ha trascendido en el lugar, la joven fue atacada por unos presuntos delincuentes, quienes se dieron la fuga.<\/p>\n<p>La v\u00edctima no ha sido identificada y al lugar acudieron agentes del Instituto Nacional de Ciencias Forenses ( Inacif) y de la Polic\u00eda Nacional.<\/p>\n<p>Personas que se han aglomerado en las afueras del edificio dicen que la joven trabaja en esas inmediaciones pero el dato no se ha podido confirmar.<\/p>\n","protected":false},"excerpt":{"rendered":"<p>Una joven fue ultimada a tiros esta tarde en la calle\u00a0 El Conde, en la Zona Colonial, en un incidente a\u00fan no esclarecido. Seg\u00fan ha trascendido en el lugar, la joven fue atacada por unos presuntos delincuentes, quienes se dieron la fuga. La v\u00edctima no ha sido identificada y al lugar acudieron agentes del Instituto [&hellip;]<\/p>\n","protected":false},"author":4,"featured_media":66024,"comment_status":"open","ping_status":"open","sticky":false,"template":"","format":"standard","meta":{"footnotes":""},"categories":[44],"tags":[],"class_list":["post-66023","post","type-post","status-publish","format-standard","has-post-thumbnail","hentry","category-republica-dominicana"],"_links":{"self":[{"href":"https:\/\/2horizontes.com\/index.php?rest_route=\/wp\/v2\/posts\/66023","targetHints":{"allow":["GET"]}}],"collection":[{"href":"https:\/\/2horizontes.com\/index.php?rest_route=\/wp\/v2\/posts"}],"about":[{"href":"https:\/\/2horizontes.com\/index.php?rest_route=\/wp\/v2\/types\/post"}],"author":[{"embeddable":true,"href":"https:\/\/2horizontes.com\/index.php?rest_route=\/wp\/v2\/users\/4"}],"replies":[{"embeddable":true,"href":"https:\/\/2horizontes.com\/index.php?rest_route=%2Fwp%2Fv2%2Fcomments&post=66023"}],"version-history":[{"count":1,"href":"https:\/\/2horizontes.com\/index.php?rest_route=\/wp\/v2\/posts\/66023\/revisions"}],"predecessor-version":[{"id":66025,"href":"https:\/\/2horizontes.com\/index.php?rest_route=\/wp\/v2\/posts\/66023\/revisions\/66025"}],"wp:featuredmedia":[{"embeddable":true,"href":"https:\/\/2horizontes.com\/index.php?rest_route=\/wp\/v2\/media\/66024"}],"wp:attachment":[{"href":"https:\/\/2horizontes.com\/index.php?rest_route=%2Fwp%2Fv2%2Fmedia&parent=66023"}],"wp:term":[{"taxonomy":"category","embeddable":true,"href":"https:\/\/2horizontes.com\/index.php?rest_route=%2Fwp%2Fv2%2Fcategories&post=66023"},{"taxonomy":"post_tag","embeddable":true,"href":"https:\/\/2horizontes.com\/index.php?rest_route=%2Fwp%2Fv2%2Ftags&post=66023"}],"curies":[{"name":"wp","href":"https:\/\/api.w.org\/{rel}","templated":true}]}}